{"id":43838,"date":"2021-03-16T08:35:21","date_gmt":"2021-03-16T07:35:21","guid":{"rendered":"http:\/\/carfree.fr\/?p=43838"},"modified":"2021-03-18T07:02:00","modified_gmt":"2021-03-18T06:02:00","slug":"barometre-des-villes-marchables","status":"publish","type":"post","link":"https:\/\/carfree.fr\/index.php\/2021\/03\/16\/barometre-des-villes-marchables\/","title":{"rendered":"Barom\u00e8tre des villes marchables"},"content":{"rendered":"<p>Vous \u00eates pi\u00e9tons au quotidien ou occasionnellement, vous \u00eates \u00e0 mobilit\u00e9 r\u00e9duite? En r\u00e9pondant \u00e0 un questionnaire, vous allez contribuer \u00e0 rendre votre commune plus marchable pour les pi\u00e9tons. Le collectif national \u00ab\u00a0Place aux pi\u00e9tons\u00a0\u00bb a besoin de votre retour d\u2019exp\u00e9rience. <!--more--><\/p>\n<p>Cette action est conduite par le collectif  national \u00ab\u00a0Place aux pi\u00e9tons\u00a0\u00bb sous l&rsquo;impulsion de la  F\u00e9d\u00e9ration Fran\u00e7aise de Randonn\u00e9e p\u00e9destre. Elle est financ\u00e9e par l&rsquo;ADEME et soutenue par le Minist\u00e8re de la transition \u00e9cologique, en charge des Transports et celui en charge des sports.<\/p>\n<p>Que vous soyez satisfaits ou d\u00e9\u00e7us de la place consacr\u00e9e au pi\u00e9ton dans les villes ou les villages, que vous rencontriez des obstacles \u00e0 la marche o\u00f9 vous r\u00e9sidez, o\u00f9 vous travaillez ou que vous connaissez tr\u00e8s bien, vous avez s\u00fbrement un ressenti \u00e0 faire part en tant que pi\u00e9ton et des id\u00e9es pour se d\u00e9placer \u00e0 pied dans les meilleures conditions. Le collectif vous donne l&rsquo;opportunit\u00e9 de le faire savoir.<\/p>\n<p>En \u00e9tant nombreux \u00e0 r\u00e9pondre \u00e0 ce questionnaire (un par commune \u00e9valu\u00e9e), il nous sera possible de faire un \u00e9tat de la marchabilit\u00e9 des villes et des villages tel qu&rsquo;elle est ressentie au regard de la grande h\u00e9t\u00e9r\u00e9og\u00e9nit\u00e9 de l&rsquo;univers des pi\u00e9tons. Cet \u00e9tat permettra aux collectivit\u00e9s de disposer d&rsquo;informations in\u00e9dites sur votre v\u00e9cu de pi\u00e9ton et vos attentes.<\/p>\n<p>L&rsquo;objectif est de rendre nos communes plus marchables pour les pi\u00e9tons.<\/p>\n<p>Le collectif national \u00ab\u00a0place aux pi\u00e9tons\u00a0\u00bb compte sur vous et vous en remercie.<\/p>\n<p>N&rsquo;h\u00e9sitez pas \u00e0 relayer ce questionnaire aupr\u00e8s de vos proches et dans votre r\u00e9seau de relation afin que les villes et les villages recueillent suffisamment de r\u00e9ponses.<\/p>\n<p>Le questionnaire est ouvert officiellement jusqu&rsquo;au 15 mars 2021. Les r\u00e9sultats seront connus au d\u00e9but de l&rsquo;\u00e9t\u00e9 2021. Ils auront un retentissement m\u00e9diatique. Vous pourrez \u00eatre destinataire personnellement de la synth\u00e8se des r\u00e9sultats. Cela prend \u00e0 peine 10 minutes et cela vaut la peine de participer \u00e0 cet inventaire national de la marchabilit\u00e9 des villes et des villages.<\/p>\n<p><a href=\"https:\/\/ffrp.sphinxonline.net\/surveyserver\/s\/placeauxpietons\/baro_villes_pietonnes\/60mpietons.htm\" rel=\"noopener\" target=\"_blank\">JE PARTICIPE EN CLIQUANT SUR CE LIEN<\/a><\/p>\n","protected":false},"excerpt":{"rendered":"<p>Vous \u00eates pi\u00e9tons au quotidien ou occasionnellement, vous \u00eates \u00e0 mobilit\u00e9 r\u00e9duite? En r\u00e9pondant \u00e0 un questionnaire, vous allez contribuer \u00e0 rendre votre commune plus marchable pour les pi\u00e9tons. Le <a class=\"more-link\" href=\"https:\/\/carfree.fr\/index.php\/2021\/03\/16\/barometre-des-villes-marchables\/\">Lire la suite&#8230;<\/a><\/p>\n","protected":false},"author":1555,"featured_media":43839,"comment_status":"open","ping_status":"closed","sticky":false,"template":"","format":"standard","meta":[],"categories":[4,9],"tags":[16,135,101,98,34],"views":6406,"_links":{"self":[{"href":"https:\/\/carfree.fr\/index.php\/wp-json\/wp\/v2\/posts\/43838"}],"collection":[{"href":"https:\/\/carfree.fr\/index.php\/wp-json\/wp\/v2\/posts"}],"about":[{"href":"https:\/\/carfree.fr\/index.php\/wp-json\/wp\/v2\/types\/post"}],"author":[{"embeddable":true,"href":"https:\/\/carfree.fr\/index.php\/wp-json\/wp\/v2\/users\/1555"}],"replies":[{"embeddable":true,"href":"https:\/\/carfree.fr\/index.php\/wp-json\/wp\/v2\/comments?post=43838"}],"version-history":[{"count":0,"href":"https:\/\/carfree.fr\/index.php\/wp-json\/wp\/v2\/posts\/43838\/revisions"}],"wp:featuredmedia":[{"embeddable":true,"href":"https:\/\/carfree.fr\/index.php\/wp-json\/wp\/v2\/media\/43839"}],"wp:attachment":[{"href":"https:\/\/carfree.fr\/index.php\/wp-json\/wp\/v2\/media?parent=43838"}],"wp:term":[{"taxonomy":"category","embeddable":true,"href":"https:\/\/carfree.fr\/index.php\/wp-json\/wp\/v2\/categories?post=43838"},{"taxonomy":"post_tag","embeddable":true,"href":"https:\/\/carfree.fr\/index.php\/wp-json\/wp\/v2\/tags?post=43838"}],"curies":[{"name":"wp","href":"https:\/\/api.w.org\/{rel}","templated":true}]}}