{"id":43912,"date":"2021-04-15T08:09:45","date_gmt":"2021-04-15T07:09:45","guid":{"rendered":"http:\/\/carfree.fr\/?p=43912"},"modified":"2021-04-15T08:09:45","modified_gmt":"2021-04-15T07:09:45","slug":"les-dessous-du-modele-pavillonnaire","status":"publish","type":"post","link":"https:\/\/carfree.fr\/index.php\/2021\/04\/15\/les-dessous-du-modele-pavillonnaire\/","title":{"rendered":"Les dessous du mod\u00e8le pavillonnaire"},"content":{"rendered":"<p>Un documentaire de Myriam Elhadad r\u00e9alis\u00e9 en 2019 et intitul\u00e9 \u00ab\u00a0<em>R\u00eave pavillonnaire, les dessous d&rsquo;un mod\u00e8le<\/em>\u00a0\u00bb traite de l&rsquo;histoire et des cons\u00e9quences de l&rsquo;\u00e9talement urbain, ainsi que de l&rsquo;\u00e9norme co\u00fbt social et environnemental d&rsquo;un mod\u00e8le urbain peut-\u00eatre d\u00e9pass\u00e9. <!--more--><\/p>\n<p>La France commence enfin \u00e0 s&rsquo;int\u00e9resser \u00e0 l&rsquo;impasse urbanistique du \u00ab\u00a0<em>mod\u00e8le pavillonnaire<\/em>.\u00a0\u00bb Pr\u00e8s de 20 ans apr\u00e8s le c\u00e9l\u00e8bre documentaire am\u00e9ricain intitul\u00e9 \u00ab\u00a0<em><a href=\"http:\/\/carfree.fr\/index.php\/2008\/07\/07\/la-fin-de-suburbia-lepuisement-des-reserves-de-petrole-et-leffondrement-du-reve-americain\/\" rel=\"noopener\" target=\"_blank\">The End of Suburbia: Oil Depletion and the Collapse of The American Dream<\/a><\/em>\u00a0\u00bb (La fin de la banlieue: \u00e9puisement du p\u00e9trole et effondrement du r\u00eave am\u00e9ricain), ce nouveau documentaire jette un regard cru sur les r\u00e9alit\u00e9s du <em>Suburbia<\/em> fran\u00e7ais.<\/p>\n<p>Popularis\u00e9es dans les ann\u00e9es 1970, les zones pavillonnaires incarnaient le r\u00eave d\u2019une classe moyenne alors en pleine expansion. Elles se sont aujourd\u2019hui transform\u00e9es en cauchemar: temps de transport interminables, rel\u00e9gation sociale, impact sur l\u2019environnement\u2026 Quel \u00e9tait donc le projet \u00e0 l\u2019\u0153uvre dans cette architecture de pavillons isol\u00e9s, standardis\u00e9s et bon march\u00e9? Qui sont ceux qui y vivent, quels \u00e9taient leurs r\u00eaves et quelle est leur r\u00e9alit\u00e9? Et quel est enfin l\u2019impact de ce mod\u00e8le urbanistique sur nos vies et sur notre environnement?<\/p>\n<p>Le documentaire initialement diffus\u00e9 sur France T\u00e9l\u00e9visions puis Public S\u00e9nat n&rsquo;est actuellement plus disponible. Il est malgr\u00e9 tout possible de visionner \u00e0 des fins p\u00e9dagogiques 7 s\u00e9quences  extraites du documentaire pour une dur\u00e9e totale de 22 minutes sur Youtube.<\/p>\n<p><iframe loading=\"lazy\" width=\"800\" height=\"450\" src=\"https:\/\/www.youtube.com\/embed\/_XOly5CBftA?feature=oembed\" frameborder=\"0\" allow=\"accelerometer; autoplay; clipboard-write; encrypted-media; gyroscope; picture-in-picture\" allowfullscreen><\/iframe><\/p>\n<p><a href=\"http:\/\/tempsnoir.com\/film\/reve-pavillonnaire-les-dessous-dun-modele\/\" rel=\"noopener\" target=\"_blank\">R\u00caVE PAVILLONNAIRE \u2013 LES DESSOUS D\u2019UN MOD\u00c8LE<\/a><br \/>\nR\u00e9alis\u00e9 par Myriam Elhadad<br \/>\nUne production Temps noir (Sara Br\u00fccker &amp; Tancr\u00e8de Ramonet)<br \/>\nDiffuseurs : France T\u00e9l\u00e9visions, Public S\u00e9nat<br \/>\nAvec le soutien de la R\u00e9gion \u00cele-de-France, du CNC et de la Procirep-ANGOA<br \/>\n70\u2032 \u2013 2019<\/p>\n","protected":false},"excerpt":{"rendered":"<p>Un documentaire de Myriam Elhadad r\u00e9alis\u00e9 en 2019 et intitul\u00e9 \u00ab\u00a0R\u00eave pavillonnaire, les dessous d&rsquo;un mod\u00e8le\u00a0\u00bb traite de l&rsquo;histoire et des cons\u00e9quences de l&rsquo;\u00e9talement urbain, ainsi que de l&rsquo;\u00e9norme co\u00fbt <a class=\"more-link\" href=\"https:\/\/carfree.fr\/index.php\/2021\/04\/15\/les-dessous-du-modele-pavillonnaire\/\">Lire la suite&#8230;<\/a><\/p>\n","protected":false},"author":70,"featured_media":43913,"comment_status":"open","ping_status":"closed","sticky":false,"template":"","format":"standard","meta":[],"categories":[165,73],"tags":[1770,1670,16,121,161,122,260,35],"views":12989,"_links":{"self":[{"href":"https:\/\/carfree.fr\/index.php\/wp-json\/wp\/v2\/posts\/43912"}],"collection":[{"href":"https:\/\/carfree.fr\/index.php\/wp-json\/wp\/v2\/posts"}],"about":[{"href":"https:\/\/carfree.fr\/index.php\/wp-json\/wp\/v2\/types\/post"}],"author":[{"embeddable":true,"href":"https:\/\/carfree.fr\/index.php\/wp-json\/wp\/v2\/users\/70"}],"replies":[{"embeddable":true,"href":"https:\/\/carfree.fr\/index.php\/wp-json\/wp\/v2\/comments?post=43912"}],"version-history":[{"count":0,"href":"https:\/\/carfree.fr\/index.php\/wp-json\/wp\/v2\/posts\/43912\/revisions"}],"wp:featuredmedia":[{"embeddable":true,"href":"https:\/\/carfree.fr\/index.php\/wp-json\/wp\/v2\/media\/43913"}],"wp:attachment":[{"href":"https:\/\/carfree.fr\/index.php\/wp-json\/wp\/v2\/media?parent=43912"}],"wp:term":[{"taxonomy":"category","embeddable":true,"href":"https:\/\/carfree.fr\/index.php\/wp-json\/wp\/v2\/categories?post=43912"},{"taxonomy":"post_tag","embeddable":true,"href":"https:\/\/carfree.fr\/index.php\/wp-json\/wp\/v2\/tags?post=43912"}],"curies":[{"name":"wp","href":"https:\/\/api.w.org\/{rel}","templated":true}]}}