{"id":43934,"date":"2021-06-03T07:35:29","date_gmt":"2021-06-03T06:35:29","guid":{"rendered":"http:\/\/carfree.fr\/?p=43934"},"modified":"2021-09-22T09:25:49","modified_gmt":"2021-09-22T08:25:49","slug":"journee-mondiale-de-la-bicyclette","status":"publish","type":"post","link":"https:\/\/carfree.fr\/index.php\/2021\/06\/03\/journee-mondiale-de-la-bicyclette\/","title":{"rendered":"Journ\u00e9e mondiale de la bicyclette"},"content":{"rendered":"<p>Consciente de la singularit\u00e9 de la bicyclette, de son anciennet\u00e9 et des diff\u00e9rents usages qui en sont faits depuis deux si\u00e8cles, l&rsquo;Assembl\u00e9e g\u00e9n\u00e9rale des Nations Unies a d\u00e9cid\u00e9 de proclamer le 3 juin Journ\u00e9e mondiale de la bicyclette. <!--more--><\/p>\n<p>Une activit\u00e9 physique r\u00e9guli\u00e8re d\u2019intensit\u00e9 mod\u00e9r\u00e9e comme la marche, le v\u00e9lo ou la pratique d\u2019un sport est b\u00e9n\u00e9fique pour la sant\u00e9. \u00c0 tout \u00e2ge, les bienfaits de l\u2019exercice sont sup\u00e9rieurs aux risques potentiels d\u2019accidents, par exemple. Toute activit\u00e9 physique vaut mieux que l\u2019absence totale d\u2019exercice. On peut atteindre ais\u00e9ment les niveaux d\u2019activit\u00e9 recommand\u00e9s en augmentant son niveau d\u2019activit\u00e9 tout au long de la journ\u00e9e.<\/p>\n<p>Selon l\u2019Organisation mondiale de la Sant\u00e9 (OMS), des infrastructures plus s\u00fbres pour la marche et le cyclisme permettraient notamment d\u2019assurer l\u2019\u00e9quit\u00e9 en mati\u00e8re de sant\u00e9. En effet, pour les communaut\u00e9s urbaines les plus pauvres, la marche et le v\u00e9lo constituent des moyens de transport plus \u00e9conomiques pour se d\u00e9placer. Lorsqu&rsquo;ils sont encourag\u00e9s, ils peuvent aussi avoir d\u2019importants b\u00e9n\u00e9fices sur la sant\u00e9, car ils permettent de r\u00e9duire le risque de maladie cardiaque, d\u2019accident vasculaire c\u00e9r\u00e9bral, certains cancers, le diab\u00e8te et m\u00eame des d\u00e9c\u00e8s.<\/p>\n<p>R\u00e9pondre aux besoins des personnes qui se d\u00e9placent \u00e0 pied et \u00e0 v\u00e9lo reste un \u00e9l\u00e9ment essentiel de la solution de mobilit\u00e9 pour aider les villes \u00e0 dissocier la croissance d\u00e9mographique de l&rsquo;augmentation des \u00e9missions, et pour am\u00e9liorer la qualit\u00e9 de l&rsquo;air et la s\u00e9curit\u00e9 routi\u00e8re. La pand\u00e9mie de COVID-19 a \u00e9galement conduit de nombreuses villes \u00e0 repenser leurs syst\u00e8mes de transport.<\/p>\n<p><strong>La bicyclette et le d\u00e9veloppement durable<\/strong><\/p>\n<p>La Journ\u00e9e mondiale de la bicyclette attire l&rsquo;attention sur les avantages de l&rsquo;utilisation de la bicyclette &#8211; un moyen de transport durable simple, abordable, propre et respectueux de l&rsquo;environnement. La bicyclette contribue \u00e0 assainir l&rsquo;air et \u00e0 r\u00e9duire les embouteillages et rend l&rsquo;\u00e9ducation, les soins de sant\u00e9 et d&rsquo;autres services sociaux plus accessibles aux populations les plus vuln\u00e9rables.<\/p>\n<p>Un syst\u00e8me de transport durable qui favorise la croissance \u00e9conomique, r\u00e9duit les in\u00e9galit\u00e9s tout en soutenant la lutte contre le changement climatique est essentiel pour atteindre les objectifs de d\u00e9veloppement durable.<\/p>\n<p><a href=\"https:\/\/www.un.org\/fr\/observances\/bicycle-day\" rel=\"noopener\" target=\"_blank\">https:\/\/www.un.org\/fr\/observances\/bicycle-day<\/a><\/p>\n","protected":false},"excerpt":{"rendered":"<p>Consciente de la singularit\u00e9 de la bicyclette, de son anciennet\u00e9 et des diff\u00e9rents usages qui en sont faits depuis deux si\u00e8cles, l&rsquo;Assembl\u00e9e g\u00e9n\u00e9rale des Nations Unies a d\u00e9cid\u00e9 de proclamer <a class=\"more-link\" href=\"https:\/\/carfree.fr\/index.php\/2021\/06\/03\/journee-mondiale-de-la-bicyclette\/\">Lire la suite&#8230;<\/a><\/p>\n","protected":false},"author":37,"featured_media":43935,"comment_status":"open","ping_status":"closed","sticky":false,"template":"","format":"standard","meta":[],"categories":[4,7],"tags":[1709,171,646,202,61,210,320,105,1664],"views":16371,"_links":{"self":[{"href":"https:\/\/carfree.fr\/index.php\/wp-json\/wp\/v2\/posts\/43934"}],"collection":[{"href":"https:\/\/carfree.fr\/index.php\/wp-json\/wp\/v2\/posts"}],"about":[{"href":"https:\/\/carfree.fr\/index.php\/wp-json\/wp\/v2\/types\/post"}],"author":[{"embeddable":true,"href":"https:\/\/carfree.fr\/index.php\/wp-json\/wp\/v2\/users\/37"}],"replies":[{"embeddable":true,"href":"https:\/\/carfree.fr\/index.php\/wp-json\/wp\/v2\/comments?post=43934"}],"version-history":[{"count":0,"href":"https:\/\/carfree.fr\/index.php\/wp-json\/wp\/v2\/posts\/43934\/revisions"}],"wp:featuredmedia":[{"embeddable":true,"href":"https:\/\/carfree.fr\/index.php\/wp-json\/wp\/v2\/media\/43935"}],"wp:attachment":[{"href":"https:\/\/carfree.fr\/index.php\/wp-json\/wp\/v2\/media?parent=43934"}],"wp:term":[{"taxonomy":"category","embeddable":true,"href":"https:\/\/carfree.fr\/index.php\/wp-json\/wp\/v2\/categories?post=43934"},{"taxonomy":"post_tag","embeddable":true,"href":"https:\/\/carfree.fr\/index.php\/wp-json\/wp\/v2\/tags?post=43934"}],"curies":[{"name":"wp","href":"https:\/\/api.w.org\/{rel}","templated":true}]}}