{"id":43947,"date":"2021-05-12T08:38:01","date_gmt":"2021-05-12T07:38:01","guid":{"rendered":"http:\/\/carfree.fr\/?p=43947"},"modified":"2021-05-12T08:38:01","modified_gmt":"2021-05-12T07:38:01","slug":"amsterdam-interdit-la-publicite-pour-les-voitures-a-essence-et-diesel-dans-le-metro","status":"publish","type":"post","link":"https:\/\/carfree.fr\/index.php\/2021\/05\/12\/amsterdam-interdit-la-publicite-pour-les-voitures-a-essence-et-diesel-dans-le-metro\/","title":{"rendered":"Amsterdam interdit la publicit\u00e9 pour les voitures \u00e0 essence et diesel dans le m\u00e9tro"},"content":{"rendered":"<p>Amsterdam aux Pays-Bas est la premi\u00e8re ville au monde \u00e0 interdire la publicit\u00e9 pour les voitures \u00e0 essence et diesel dans son m\u00e9tro. L&rsquo;interdiction s&rsquo;applique \u00e9galement aux vols a\u00e9riens \u00e0 bas prix et aux produits fonctionnant \u00e0 l&rsquo;\u00e9nergie fossile. \u00c0 partir d&rsquo;aujourd&rsquo;hui, les publicit\u00e9s sont interdites dans 40 stations de m\u00e9tro. <!--more--><\/p>\n<p>La municipalit\u00e9 souhaite qu&rsquo;Amsterdam soit \u00ab\u00a0<em>une ville o\u00f9 l&rsquo;\u00e9nergie est utilis\u00e9e avec parcimonie. Une ville o\u00f9 l&rsquo;\u00e9nergie n&rsquo;est produite que de mani\u00e8re durable et o\u00f9 les mati\u00e8res premi\u00e8res et les mat\u00e9riaux sont r\u00e9utilis\u00e9s \u00e0 l&rsquo;infini<\/em>.\u00a0\u00bb<\/p>\n<p>L&rsquo;interdiction ne s&rsquo;applique qu&rsquo;\u00e0 des produits sp\u00e9cifiques. Selon le parti de la gauche verte d&rsquo;Amsterdam, il n&rsquo;est pas possible d&rsquo;interdire une marque enti\u00e8re. L&rsquo;interdiction fait suite \u00e0 une initiative citoyenne \u00ab\u00a0<em>Ban Fossil Advertising<\/em>\u00a0\u00bb visant \u00e0 interdire \u00e0 l&rsquo;\u00e9chelle nationale toutes les publicit\u00e9s pour les produits fossiles.<\/p>\n<p>Des pays comme la Belgique, le Canada, la Su\u00e8de et les \u00c9tats-Unis demandent depuis un certain temps d&rsquo;interdire la publicit\u00e9 pour les voitures. Certains pays souhaitent que les voitures \u00e0 moteur \u00e0 combustion soient assimil\u00e9es au tabac et que les m\u00eames avertissements s&rsquo;appliquent donc.<\/p>\n<p>Source: <a href=\"https:\/\/netherlandsnewslive.com\/amsterdam-bans-advertising-of-petrol-and-diesel-cars-in-the-metro-car\/147014\/\" rel=\"noopener\" target=\"_blank\">https:\/\/netherlandsnewslive.com\/amsterdam-bans-advertising-of-petrol-and-diesel-cars-in-the-metro-car\/147014\/<\/a><\/p>\n","protected":false},"excerpt":{"rendered":"<p>Amsterdam aux Pays-Bas est la premi\u00e8re ville au monde \u00e0 interdire la publicit\u00e9 pour les voitures \u00e0 essence et diesel dans son m\u00e9tro. L&rsquo;interdiction s&rsquo;applique \u00e9galement aux vols a\u00e9riens \u00e0 <a class=\"more-link\" href=\"https:\/\/carfree.fr\/index.php\/2021\/05\/12\/amsterdam-interdit-la-publicite-pour-les-voitures-a-essence-et-diesel-dans-le-metro\/\">Lire la suite&#8230;<\/a><\/p>\n","protected":false},"author":211,"featured_media":43948,"comment_status":"open","ping_status":"closed","sticky":false,"template":"","format":"standard","meta":[],"categories":[73,6,124],"tags":[663,193,162,159,88,33,86],"views":8713,"_links":{"self":[{"href":"https:\/\/carfree.fr\/index.php\/wp-json\/wp\/v2\/posts\/43947"}],"collection":[{"href":"https:\/\/carfree.fr\/index.php\/wp-json\/wp\/v2\/posts"}],"about":[{"href":"https:\/\/carfree.fr\/index.php\/wp-json\/wp\/v2\/types\/post"}],"author":[{"embeddable":true,"href":"https:\/\/carfree.fr\/index.php\/wp-json\/wp\/v2\/users\/211"}],"replies":[{"embeddable":true,"href":"https:\/\/carfree.fr\/index.php\/wp-json\/wp\/v2\/comments?post=43947"}],"version-history":[{"count":0,"href":"https:\/\/carfree.fr\/index.php\/wp-json\/wp\/v2\/posts\/43947\/revisions"}],"wp:featuredmedia":[{"embeddable":true,"href":"https:\/\/carfree.fr\/index.php\/wp-json\/wp\/v2\/media\/43948"}],"wp:attachment":[{"href":"https:\/\/carfree.fr\/index.php\/wp-json\/wp\/v2\/media?parent=43947"}],"wp:term":[{"taxonomy":"category","embeddable":true,"href":"https:\/\/carfree.fr\/index.php\/wp-json\/wp\/v2\/categories?post=43947"},{"taxonomy":"post_tag","embeddable":true,"href":"https:\/\/carfree.fr\/index.php\/wp-json\/wp\/v2\/tags?post=43947"}],"curies":[{"name":"wp","href":"https:\/\/api.w.org\/{rel}","templated":true}]}}