{"id":43959,"date":"2021-05-17T07:20:54","date_gmt":"2021-05-17T06:20:54","guid":{"rendered":"http:\/\/carfree.fr\/?p=43959"},"modified":"2021-05-17T07:20:54","modified_gmt":"2021-05-17T06:20:54","slug":"car-free-mega-cities-un-nouveau-projet-entre-londres-paris-et-new-york","status":"publish","type":"post","link":"https:\/\/carfree.fr\/index.php\/2021\/05\/17\/car-free-mega-cities-un-nouveau-projet-entre-londres-paris-et-new-york\/","title":{"rendered":"Car Free Mega Cities, un nouveau projet entre Londres, Paris et New-York"},"content":{"rendered":"<p>Car Free M\u00e9ga Cities est un nouveau projet pour relier les villes de Paris, Londres et New-York, pour challenger les d\u00e9cideurs et motiver les militants \u00e0 r\u00e9imaginer nos villes dans lesquelles la voiture n\u2019aurait plus la place pr\u00e9pond\u00e9rante qui est la sienne aujourd\u2019hui. <!--more--><\/p>\n<h1 style=\"text-align: center;\"><strong><span style=\"color: #993366;\">Car Free Megacities<\/span><\/strong><\/h1>\n<h3 style=\"text-align: center;\"><span style=\"color: #993366;\"><strong>M\u00e9gapoles Sans Voiture<\/strong><\/span><\/h3>\n<p>&nbsp;<\/p>\n<p>Le projet \u00ab\u00a0<a href=\"https:\/\/www.carfreemegacities.org\" target=\"_blank\" rel=\"noopener\">Car Free Megacities<\/a>\u00a0\u00bb vise \u00e0 cr\u00e9er davantage d&rsquo;espace urbain pour les habitants et pour la nature, \u00e0 d\u00e9barrasser les villes de la pollution atmosph\u00e9rique, \u00e0 promouvoir les d\u00e9placements actifs et sains et \u00e0 r\u00e9duire les \u00e9missions de carbone.<\/p>\n<p>La campagne vise \u00e0 susciter l&rsquo;ambition, l&rsquo;action et la d\u00e9monstration des meilleures pratiques au niveau international en reliant et comparant les trois villes. Nous souhaitons inspirer une comp\u00e9tition amicale et inciter chaque ville \u00e0 donner la priorit\u00e9 \u00e0 l&rsquo;espace public pour les habitants et pour la nature.<\/p>\n<p>Le projet est le fruit d&rsquo;une collaboration entre l&rsquo;organisation caritative pour le climat\u00a0<a href=\"https:\/\/www.wearepossible.org\/\" target=\"_blank\" rel=\"noopener\">Possible<\/a>, le groupe de r\u00e9flexion\u00a0<a href=\"https:\/\/www.newweather.org\/\" target=\"_blank\" rel=\"noopener\">New Weather Institute<\/a>,\u00a0<a href=\"https:\/\/www.parissansvoiture.org\/\" target=\"_blank\" rel=\"noopener\">Paris sans Voiture<\/a>,\u00a0<a href=\"https:\/\/brooklynspoke.com\/\" target=\"_blank\" rel=\"noopener\">Brooklyn Spoke<\/a>,\u00a0<a href=\"http:\/\/blog.westminster.ac.uk\/ata\/\" target=\"_blank\" rel=\"noopener\">l&rsquo;Active Travel Academy<\/a>\u00a0de l&rsquo;universit\u00e9 de Westminster et\u00a0<a href=\"https:\/\/weglimpse.co\/\" target=\"_blank\" rel=\"noopener\">Glimpse<\/a>, avec le soutien de la\u00a0<a href=\"http:\/\/krfnd.org\/\" target=\"_blank\" rel=\"noopener\">Fondation KR<\/a>\u00a0et de\u00a0<a href=\"https:\/\/www.brompton.com\/\" target=\"_blank\" rel=\"noopener\">Brompton<\/a>.<\/p>\n<ul>\n<li>D\u00e9couvrez <a href=\"https:\/\/www.carfreemegacities.org\/fr\/donnees\" target=\"_blank\" rel=\"noopener\">nos nouveaux graphiques interactifs<\/a> comparant des domaines cl\u00e9s li\u00e9s aux transports, \u00e0 la qualit\u00e9 de l&rsquo;air et \u00e0 l&rsquo;espace public \u00e0 Londres, Paris et New York, mais aussi de nouvelles donn\u00e9es pr\u00e9sentant les espaces verts accessibles au public dans chaque m\u00e9gapole.<\/li>\n<li>Lisez notre <a href=\"https:\/\/www.carfreemegacities.org\/fr\/les-nouvelles\/lettre-ouverte-aux-maires-de-londres-new-york-et-paris\" target=\"_blank\" rel=\"noopener\">lettre ouverte aux trois maires des villes<\/a>,\u00a0Bill de Blasio, Anne Hidalgo et Sadiq Khan, leur demandant de s&rsquo;engager publiquement dans la campagne Car Free Megacities et de r\u00e9duire de mani\u00e8re significative et spectaculaire l&rsquo;utilisation de la voiture priv\u00e9e afin d&rsquo;am\u00e9liorer la vie des personnes et de la plan\u00e8te.<\/li>\n<li>Regardez la <a href=\"https:\/\/www.carfreemegacities.org\/fr\/les-nouvelles\/3-mars-2021-sommet\" target=\"_blank\" rel=\"noopener\">vid\u00e9o du lancement de la campagne<\/a> \u00ab\u00a0Car Free Megacities\u00a0\u00bb avec Emily Weidenhof (directrice de l&rsquo;espace public au d\u00e9partement des transports de la ville de New York), Will Norman (commissaire \u00e0 la marche et au v\u00e9lo \u00e0 Londres), David Belliard (adjoint \u00e0 la maire de Paris charg\u00e9 de l&rsquo;espace public, des transports et de la mobilit\u00e9), et des sp\u00e9cialistes de chaque pays.<\/li>\n<\/ul>\n<p><a href=\"https:\/\/www.carfreemegacities.org\/fr\/accueil\" target=\"_blank\" rel=\"noopener\">https:\/\/www.carfreemegacities.org\/fr\/accueil<\/a><\/p>\n","protected":false},"excerpt":{"rendered":"<p>Car Free M\u00e9ga Cities est un nouveau projet pour relier les villes de Paris, Londres et New-York, pour challenger les d\u00e9cideurs et motiver les militants \u00e0 r\u00e9imaginer nos villes dans <a class=\"more-link\" href=\"https:\/\/carfree.fr\/index.php\/2021\/05\/17\/car-free-mega-cities-un-nouveau-projet-entre-londres-paris-et-new-york\/\">Lire la suite&#8230;<\/a><\/p>\n","protected":false},"author":1688,"featured_media":43964,"comment_status":"open","ping_status":"closed","sticky":false,"template":"","format":"standard","meta":[],"categories":[73,1037,72,70,3],"tags":[416,15,56,308,100,134,532,106,287,33,94,34,1813],"views":13218,"_links":{"self":[{"href":"https:\/\/carfree.fr\/index.php\/wp-json\/wp\/v2\/posts\/43959"}],"collection":[{"href":"https:\/\/carfree.fr\/index.php\/wp-json\/wp\/v2\/posts"}],"about":[{"href":"https:\/\/carfree.fr\/index.php\/wp-json\/wp\/v2\/types\/post"}],"author":[{"embeddable":true,"href":"https:\/\/carfree.fr\/index.php\/wp-json\/wp\/v2\/users\/1688"}],"replies":[{"embeddable":true,"href":"https:\/\/carfree.fr\/index.php\/wp-json\/wp\/v2\/comments?post=43959"}],"version-history":[{"count":0,"href":"https:\/\/carfree.fr\/index.php\/wp-json\/wp\/v2\/posts\/43959\/revisions"}],"wp:featuredmedia":[{"embeddable":true,"href":"https:\/\/carfree.fr\/index.php\/wp-json\/wp\/v2\/media\/43964"}],"wp:attachment":[{"href":"https:\/\/carfree.fr\/index.php\/wp-json\/wp\/v2\/media?parent=43959"}],"wp:term":[{"taxonomy":"category","embeddable":true,"href":"https:\/\/carfree.fr\/index.php\/wp-json\/wp\/v2\/categories?post=43959"},{"taxonomy":"post_tag","embeddable":true,"href":"https:\/\/carfree.fr\/index.php\/wp-json\/wp\/v2\/tags?post=43959"}],"curies":[{"name":"wp","href":"https:\/\/api.w.org\/{rel}","templated":true}]}}