{"id":43985,"date":"2021-05-24T08:45:07","date_gmt":"2021-05-24T07:45:07","guid":{"rendered":"http:\/\/carfree.fr\/?p=43985"},"modified":"2021-05-24T08:45:07","modified_gmt":"2021-05-24T07:45:07","slug":"la-responsabilite-des-presidents-de-conseils-departementaux","status":"publish","type":"post","link":"https:\/\/carfree.fr\/index.php\/2021\/05\/24\/la-responsabilite-des-presidents-de-conseils-departementaux\/","title":{"rendered":"La responsabilit\u00e9 des pr\u00e9sidents de conseils d\u00e9partementaux"},"content":{"rendered":"<p>C&rsquo;est officiel, on peut donc d\u00e9sormais dire sans risque que les pr\u00e9sidents de conseils d\u00e9partementaux qui ont fait le choix de repasser leur r\u00e9seau routier \u00e0 90 km\/h sont responsables de la mort des gens sur la route en \u00ab\u00a0<em>pr\u00e9f\u00e9rant leur mandat \u00e0 la s\u00e9curit\u00e9 des citoyens<\/em>.\u00a0\u00bb <!--more--><\/p>\n<p>Cela semblait a priori \u00e9vident, ces \u00e9lus ont choisi de flatter leur \u00e9lectorat automobiliste en remettant la limitation de vitesse \u00e0 90 km\/heure depuis d\u00e9cembre 2019 et la promulgation de la LOM (Loi d\u2019orientation des mobilit\u00e9s) leur permettant de le faire sous certaines conditions.<\/p>\n<p>Sur les 900 000 km de routes autrefois limit\u00e9s \u00e0 90 km\/h, pr\u00e8s de 33 900 sont repass\u00e9s \u00e0 cette limitation de vitesse depuis d\u00e9cembre 2019, le reste connaissant toujours la limitation \u00e0 80 km\/heure. D\u00e9sormais, moins de la moiti\u00e9 des d\u00e9partements est encore enti\u00e8rement aux 80 km\/heure.<\/p>\n<p>Alors, pourquoi \u00e9tait-il probl\u00e9matique de dire que \u00ab\u00a0<em>nous allons payer le prix du sang de la pseudo-responsabilit\u00e9 des \u00e9lus qui pr\u00e9f\u00e8rent leur mandat \u00e0 la s\u00e9curit\u00e9 des citoyens<\/em>\u00a0\u00bb comme l&rsquo;avait dit Chantal Perrichon, pr\u00e9sidente de la Ligue contre la violence routi\u00e8re et figure de la lutte contre l&rsquo;ins\u00e9curit\u00e9 routi\u00e8re, dans le journal France soir le 16 mai 2019?<\/p>\n<p>Tout simplement parce que Dominique Bussereau, ancien ministre des Transports et pr\u00e9sident de l\u2019Assembl\u00e9e des d\u00e9partements avait port\u00e9 plainte contre elle pour \u00ab\u00a0<em>injure publique<\/em>.\u00a0\u00bb Trois pr\u00e9sidents de d\u00e9partement, ayant relev\u00e9 la vitesse \u00e0 90 km\/h, s&rsquo;\u00e9taient par la m\u00eame occasion constitu\u00e9s partie civile.<\/p>\n<p>Le jeudi 20 mai 2021, la pr\u00e9sidente de la Ligue contre la violence routi\u00e8re a \u00e9t\u00e9 <a href=\"https:\/\/www.lamontagne.fr\/amp\/clermont-ferrand-63000\/actualites\/poursuivie-pour-injure-publique-la-presidente-de-la-ligue-contre-la-violence-routiere-est-relaxee-a-clermont-ferrand_13955827\/?__twitter_impression=true\" rel=\"noopener\" target=\"_blank\">relax\u00e9e par le tribunal de Clermont-Ferrand<\/a>.<\/p>\n<p>Devant le tribunal, Chantal Perrichon a assum\u00e9 ses propos: \u00ab\u00a0<em>Ma parole traduit ce que nous vivons quand les gens perdent des proches sur la route. Lorsqu&rsquo;on augmente la vitesse, on augmente la mortalit\u00e9, c\u2019est une constante.<\/em>\u00a0\u00bb Bien mieux, l&rsquo;un des quatre t\u00e9moins cit\u00e9s par la d\u00e9fense, m\u00e9decin tr\u00e8s engag\u00e9 dans la lutte contre l&rsquo;ins\u00e9curit\u00e9 routi\u00e8re, l&rsquo;a dit encore plus fortement. \u00ab\u00a0<em>Les propos de Chantal Perrichon sont faibles. Il est \u00e9vident qu&rsquo;il y a des gens qui vont mourir.<\/em>\u00a0\u00bb<\/p>\n<p>C\u2019\u00e9tait la premi\u00e8re fois que Chantal Perrichon, 75 ans et habitu\u00e9e aux prises de position dans les m\u00e9dias, faisait l\u2019objet d\u2019une telle poursuite. Laquelle s\u2019est donc conclue par une relaxe. Le tribunal a consid\u00e9r\u00e9 que les propos ne d\u00e9passaient pas les limites de la libert\u00e9 d\u2019expression.<\/p>\n<p>La libert\u00e9 d&rsquo;expression permet donc de dire que les pr\u00e9sidents de d\u00e9partements qui font le choix de revenir au 90 km\/heure sur les routes le font \u00e0 des fins \u00e9lectorales au prix du sang des gens qui vont mourir du fait de cette mesure d\u00e9magogique.<\/p>\n","protected":false},"excerpt":{"rendered":"<p>C&rsquo;est officiel, on peut donc d\u00e9sormais dire sans risque que les pr\u00e9sidents de conseils d\u00e9partementaux qui ont fait le choix de repasser leur r\u00e9seau routier \u00e0 90 km\/h sont responsables <a class=\"more-link\" href=\"https:\/\/carfree.fr\/index.php\/2021\/05\/24\/la-responsabilite-des-presidents-de-conseils-departementaux\/\">Lire la suite&#8230;<\/a><\/p>\n","protected":false},"author":3,"featured_media":43986,"comment_status":"open","ping_status":"closed","sticky":false,"template":"","format":"standard","meta":[],"categories":[73,1038],"tags":[754,931,578,226,178,144],"views":14347,"_links":{"self":[{"href":"https:\/\/carfree.fr\/index.php\/wp-json\/wp\/v2\/posts\/43985"}],"collection":[{"href":"https:\/\/carfree.fr\/index.php\/wp-json\/wp\/v2\/posts"}],"about":[{"href":"https:\/\/carfree.fr\/index.php\/wp-json\/wp\/v2\/types\/post"}],"author":[{"embeddable":true,"href":"https:\/\/carfree.fr\/index.php\/wp-json\/wp\/v2\/users\/3"}],"replies":[{"embeddable":true,"href":"https:\/\/carfree.fr\/index.php\/wp-json\/wp\/v2\/comments?post=43985"}],"version-history":[{"count":0,"href":"https:\/\/carfree.fr\/index.php\/wp-json\/wp\/v2\/posts\/43985\/revisions"}],"wp:featuredmedia":[{"embeddable":true,"href":"https:\/\/carfree.fr\/index.php\/wp-json\/wp\/v2\/media\/43986"}],"wp:attachment":[{"href":"https:\/\/carfree.fr\/index.php\/wp-json\/wp\/v2\/media?parent=43985"}],"wp:term":[{"taxonomy":"category","embeddable":true,"href":"https:\/\/carfree.fr\/index.php\/wp-json\/wp\/v2\/categories?post=43985"},{"taxonomy":"post_tag","embeddable":true,"href":"https:\/\/carfree.fr\/index.php\/wp-json\/wp\/v2\/tags?post=43985"}],"curies":[{"name":"wp","href":"https:\/\/api.w.org\/{rel}","templated":true}]}}