{"id":43996,"date":"2021-06-02T07:38:58","date_gmt":"2021-06-02T06:38:58","guid":{"rendered":"http:\/\/carfree.fr\/?p=43996"},"modified":"2021-06-08T20:30:45","modified_gmt":"2021-06-08T19:30:45","slug":"la-gratuite-des-transports-en-commun-arrive-a-douai","status":"publish","type":"post","link":"https:\/\/carfree.fr\/index.php\/2021\/06\/02\/la-gratuite-des-transports-en-commun-arrive-a-douai\/","title":{"rendered":"La gratuit\u00e9 des transports en commun arrive \u00e0 Douai"},"content":{"rendered":"<p>La mesure a \u00e9t\u00e9 adopt\u00e9e \u00e0 l&rsquo;unanimit\u00e9 le mercredi 26 mai 2021, Douai va passer \u00e0 la gratuit\u00e9 des transports en commun. La gratuit\u00e9 totale des transports en commun a en effet \u00e9t\u00e9 vot\u00e9e par les \u00e9lus du syndicat mixte des transports du Douaisis et sera effective au 1er janvier 2022. <!--more--><\/p>\n<p>En septembre 2018, <a href=\"http:\/\/carfree.fr\/index.php\/2015\/04\/22\/dunkerque-vers-un-reseau-de-bus-plus-rapide-plus-efficace-et-gratuit\/\" rel=\"noopener\" target=\"_blank\">Dunkerque<\/a> devenait la plus grande agglom\u00e9ration de France et d\u2019Europe \u00e0 instaurer la gratuit\u00e9 des transports en commun sur tout le r\u00e9seau. Trois ans plus tard, Douai va lui voler ce titre puisque le r\u00e9seau \u00c9v\u00e9ole, qui couvre un territoire de 220 000 habitants, s\u2019appr\u00eate a devenir totalement gratuit d\u00e8s le 1er janvier 2022.<\/p>\n<p>En effet, les communaut\u00e9s d\u2019agglom\u00e9ration Douaisis Agglo et C\u0153ur d\u2019Ostrevent, 220\u2009000 habitants, qui partagent ensemble le m\u00eame r\u00e9seau de transport en bus, viennent d\u2019acter une gratuit\u00e9 totale des transports pour les habitants d\u00e8s 2022.<\/p>\n<p>La mesure a de quoi satisfaire Alain Bruneel. Il faut dire que le d\u00e9put\u00e9 PCF de la circonscription se bat depuis des ann\u00e9es pour qu\u2019une telle mesure puisse b\u00e9n\u00e9ficier \u00e0 la population. \u00ab\u2009<em>J\u2019ai m\u00eame \u00e9t\u00e9 remerci\u00e9 en 2016 de ma vice-pr\u00e9sidence du SMTD (le syndicat mixte des transports du Douaisis) pour avoir soutenu la mobilisation des lyc\u00e9ens et coll\u00e9giens,<\/em>\u2009\u00bb se rem\u00e9more-t-il.<\/p>\n<p>La <a href=\"https:\/\/fr.wikipedia.org\/wiki\/Gratuit\u00e9_des_transports_en_commun\" rel=\"noopener\" target=\"_blank\">gratuit\u00e9 des transports en commun<\/a> a plus que jamais le vent en poupe!<\/p>\n<blockquote class=\"twitter-tweet\">\n<p lang=\"fr\" dir=\"ltr\">C&#39;EST VOT\u00c9 \u00c0 L&#39;UNANIMIT\u00c9 ! <\/p>\n<p>La gratuit\u00e9 totale des transports en commun a \u00e9t\u00e9 vot\u00e9 ce soir par les \u00e9lus du syndicat mixte des transports du Douaisis et sera effective au 1er janvier 2022. <br \/>Une victoire collective qui va b\u00e9n\u00e9ficier \u00e0 tous les citoyens et \u00e0 l&#39;environnement. Bravo! <a href=\"https:\/\/t.co\/8S9EBwzv49\">pic.twitter.com\/8S9EBwzv49<\/a><\/p>\n<p>&mdash; Alain Bruneel (@Alain_Bruneel) <a href=\"https:\/\/twitter.com\/Alain_Bruneel\/status\/1397596892310216705?ref_src=twsrc%5Etfw\">May 26, 2021<\/a><\/p><\/blockquote>\n<p><script async src=\"https:\/\/platform.twitter.com\/widgets.js\" charset=\"utf-8\"><\/script><\/p>\n","protected":false},"excerpt":{"rendered":"<p>La mesure a \u00e9t\u00e9 adopt\u00e9e \u00e0 l&rsquo;unanimit\u00e9 le mercredi 26 mai 2021, Douai va passer \u00e0 la gratuit\u00e9 des transports en commun. La gratuit\u00e9 totale des transports en commun a <a class=\"more-link\" href=\"https:\/\/carfree.fr\/index.php\/2021\/06\/02\/la-gratuite-des-transports-en-commun-arrive-a-douai\/\">Lire la suite&#8230;<\/a><\/p>\n","protected":false},"author":1560,"featured_media":43997,"comment_status":"open","ping_status":"closed","sticky":false,"template":"","format":"standard","meta":[],"categories":[4,8],"tags":[247,557,437,382,131],"views":14934,"_links":{"self":[{"href":"https:\/\/carfree.fr\/index.php\/wp-json\/wp\/v2\/posts\/43996"}],"collection":[{"href":"https:\/\/carfree.fr\/index.php\/wp-json\/wp\/v2\/posts"}],"about":[{"href":"https:\/\/carfree.fr\/index.php\/wp-json\/wp\/v2\/types\/post"}],"author":[{"embeddable":true,"href":"https:\/\/carfree.fr\/index.php\/wp-json\/wp\/v2\/users\/1560"}],"replies":[{"embeddable":true,"href":"https:\/\/carfree.fr\/index.php\/wp-json\/wp\/v2\/comments?post=43996"}],"version-history":[{"count":0,"href":"https:\/\/carfree.fr\/index.php\/wp-json\/wp\/v2\/posts\/43996\/revisions"}],"wp:featuredmedia":[{"embeddable":true,"href":"https:\/\/carfree.fr\/index.php\/wp-json\/wp\/v2\/media\/43997"}],"wp:attachment":[{"href":"https:\/\/carfree.fr\/index.php\/wp-json\/wp\/v2\/media?parent=43996"}],"wp:term":[{"taxonomy":"category","embeddable":true,"href":"https:\/\/carfree.fr\/index.php\/wp-json\/wp\/v2\/categories?post=43996"},{"taxonomy":"post_tag","embeddable":true,"href":"https:\/\/carfree.fr\/index.php\/wp-json\/wp\/v2\/tags?post=43996"}],"curies":[{"name":"wp","href":"https:\/\/api.w.org\/{rel}","templated":true}]}}