{"id":44018,"date":"2021-06-09T07:56:22","date_gmt":"2021-06-09T06:56:22","guid":{"rendered":"http:\/\/carfree.fr\/?p=44018"},"modified":"2021-09-22T09:22:48","modified_gmt":"2021-09-22T08:22:48","slug":"la-voiture-electrique-ne-nous-sauvera-pas","status":"publish","type":"post","link":"https:\/\/carfree.fr\/index.php\/2021\/06\/09\/la-voiture-electrique-ne-nous-sauvera-pas\/","title":{"rendered":"La voiture \u00e9lectrique ne nous sauvera pas"},"content":{"rendered":"<p>Un article int\u00e9ressant du site <a href=\"https:\/\/theconversation.com\/cycling-is-ten-times-more-important-than-electric-cars-for-reaching-net-zero-cities-157163\" rel=\"noopener\" target=\"_blank\">The Conversation<\/a> (en anglais) nous apprend que les personnes qui se d\u00e9placent quotidiennement \u00e0 v\u00e9lo \u00e9mettent 84 % moins de CO2 que les autres (dans le cadre de leurs d\u00e9placements quotidiens) et que les \u00e9missions de CO2 du v\u00e9lo sont environ dix fois inf\u00e9rieures \u00e0 celles d&rsquo;une voiture \u00e9lectrique (et environ 30 fois inf\u00e9rieures \u00e0 celles d&rsquo;une voiture \u00e0 combustible fossile). Pour s&rsquo;attaquer aux crises du climat et de la pollution atmosph\u00e9rique, il faudrait donc r\u00e9duire au plus vite tous les transports motoris\u00e9s, y compris les voitures \u00e9lectriques. Devinez pourtant vers qui se tourne toute l&rsquo;attention m\u00e9diatique ou politique pour r\u00e9soudre la crise climatique et environnementale? <!--more--><\/p>\n<p>Bien entendu, c&rsquo;est la voiture \u00e9lectrique qui occupe, ou plut\u00f4t qui sature tout l&rsquo;espace public. Que ce soit en mati\u00e8re de publicit\u00e9, sur les affiches ou dans les m\u00e9dias, ou au travers des politiques publiques et des innombrables soutiens financiers \u00e0 la fili\u00e8re sous forme de subventions, de pr\u00eats ou m\u00eame de financements purs et simples de bornes de recharge dans l&rsquo;espace public, la voiture \u00e9lectrique est partout&#8230; sauf peut-\u00eatre dans les rues.<\/p>\n<p>En effet, malgr\u00e9 des centaines de milliards d&rsquo;investissements priv\u00e9s depuis des d\u00e9cennies, des dizaines de milliards de publicit\u00e9 pour la voiture \u00e9lectrique, des aides publiques faramineuses \u00e0 l&rsquo;achat de voitures \u00e9lectriques, la part de march\u00e9 de la voiture \u00e9lectrique reste d\u00e9risoire. \u00c0 l&rsquo;\u00e9chelle mondiale, seule une nouvelle voiture sur 50 \u00e9tait enti\u00e8rement \u00e9lectrique en 2020, ce qui veut dire tout simplement que sur 50 voitures vendues dans le monde en 2020, 49 n&rsquo;\u00e9taient pas \u00e9lectriques&#8230;<\/p>\n<p>Certains pensent sans doute na\u00efvement que c&rsquo;est pour cela qu&rsquo;il faut donner toute l&rsquo;attention \u00e0 la voiture \u00e9lectrique, en termes de financements, de subventions ou de publicit\u00e9, pour d\u00e9velopper massivement la voiture \u00e9lectrique afin de sauver le climat et l&rsquo;environnement.<\/p>\n<p>En fait, en se concentrant principalement sur les v\u00e9hicules \u00e9lectriques, on ralentit la course vers le \u00ab\u00a0z\u00e9ro \u00e9mission\u00a0\u00bb et cela s&rsquo;explique par le fait que les voitures \u00e9lectriques ne sont pas \u00e0 \u00ab\u00a0z\u00e9ro carbone.\u00a0\u00bb L&rsquo;extraction des mati\u00e8res premi\u00e8res pour leurs batteries, leur fabrication et la production de l&rsquo;\u00e9lectricit\u00e9 n\u00e9cessaire \u00e0 leur fonctionnement produisent des \u00e9missions de Gaz \u00e0 Effet de Serre.<\/p>\n<p>Sous certaines conditions, il est sans doute vrai que les voitures \u00e9lectriques diminuent les \u00e9missions de CO2 ou la pollution atmosph\u00e9rique, mais par rapport aux voitures thermiques. Dans un monde o\u00f9 il y a de plus en plus de voitures, le simple effet rebond fait que la croissance, esp\u00e9r\u00e9e par certains, du nombre de voitures \u00e9lectriques, ne fera que contenir p\u00e9niblement les \u00e9missions de CO2 ou la pollution. Et encore, il s&rsquo;agit l\u00e0 d&rsquo;une vision optimiste, le plus probable \u00e9tant que les \u00e9missions et la pollution globale continuent malgr\u00e9 tout d&rsquo;augmenter.<\/p>\n<p>Car, on peut prendre le probl\u00e8me par n&rsquo;importe quel bout, cela n&rsquo;a aucun sens de produire massivement des objets techniques de plus d&rsquo;une tonne (les voitures \u00e9lectriques ou pas) n\u00e9cessitant plus de 30 tonnes de mati\u00e8res premi\u00e8res pour les fabriquer, afin de transporter en moyenne 1,2 personne dans les agglom\u00e9rations urbaines (taux moyen d&rsquo;occupation de la voiture). Tout comme cela n&rsquo;a aucun sens d&rsquo;utiliser une voiture pour faire moins de 3 kilom\u00e8tres alors que pourtant, en agglom\u00e9ration, 40 % des trajets effectu\u00e9s en voiture font moins de trois kilom\u00e8tres&#8230;<\/p>\n<p>L&rsquo;un des moyens les plus efficaces pour r\u00e9duire les \u00e9missions li\u00e9es au transport relativement rapidement, et potentiellement \u00e0 l&rsquo;\u00e9chelle mondiale, consiste \u00e0 troquer les voitures contre la marche et le v\u00e9lo y compris le v\u00e9lo \u00e9lectrique et les transports publics.<\/p>\n<p>De ce fait, si notre soci\u00e9t\u00e9 voulait vraiment lutter contre le r\u00e9chauffement climatique ou la pollution de l&rsquo;air, toute l&rsquo;attention, en mati\u00e8re de financements publics et priv\u00e9s ou de campagnes de communication et de publicit\u00e9, devrait \u00eatre tourn\u00e9e vers la marche, le v\u00e9lo et les transports publics.<\/p>\n<p>Malheureusement, l&rsquo;industrie automobile tient les r\u00eanes. Elle a l&rsquo;argent et l&rsquo;influence politique lui permettant de faire croire qu&rsquo;elle va trouver les solutions aux probl\u00e8mes qu&rsquo;elle a caus\u00e9s depuis des d\u00e9cennies en vendant des centaines de millions de voitures individuelles. Ainsi, si l&rsquo;industrie estime n\u00e9cessaire pour ses profits de faire croire qu&rsquo;elle va sauver la plan\u00e8te avec des SUV \u00e9lectriques, on aura droit \u00e0 de la publicit\u00e9 omnipr\u00e9sente pour des SUV \u00e9lectriques de plus d&rsquo;une tonne&#8230;<\/p>\n<p>Le secteur automobile fait partie des plus gros investisseurs publicitaires, toujours parmi les trois premiers selon les ann\u00e9es. De ce fait, il finance massivement la plupart des m\u00e9dias (presse \u00e9crite, t\u00e9l\u00e9vision, radio, internet, etc.) dont l&rsquo;objectivit\u00e9 en la mati\u00e8re reste sujette \u00e0 caution.<\/p>\n<p>Les politiques que nous avons \u00e9lu sont quant \u00e0 eux pri\u00e9s d&rsquo;ouvrir les vannes de l&rsquo;argent public provenant de nos imp\u00f4ts pour financer et subventionner grassement la fili\u00e8re du v\u00e9hicule \u00e9lectrique. A une \u00e9poque, on nous disait que cela se justifiait par le fait de cr\u00e9er ou maintenir des emplois industriels en France. Aujourd&rsquo;hui, plus personne de s\u00e9rieux ne peut d\u00e9fendre de telles inepties, la plupart des v\u00e9hicules, et tout particuli\u00e8rement les voitures \u00e9lectriques, sont d\u00e9sormais produits \u00e0 l&rsquo;\u00e9tranger. Pire, on ne compte plus les cas o\u00f9 l&rsquo;argent public donn\u00e9 \u00e0 l&rsquo;industrie sert en fait \u00e0 d\u00e9localiser la production \u00e0 l&rsquo;\u00e9tranger&#8230;<\/p>\n<p>Aussi, si l&rsquo;objectif collectif est r\u00e9ellement de lutter contre les \u00e9missions de Gaz \u00e0 Effet de Serre et contre la pollution atmosph\u00e9rique, deux mesures simples et de bon sens s&rsquo;imposent de toute urgence: interdire la publicit\u00e9 automobile et arr\u00eater tout financement public \u00e0 l&rsquo;industrie automobile.<\/p>\n<p>Ne pas agir maintenant dans ces deux domaines ne fait que maintenir l&rsquo;oligarchie automobile en place et nous \u00e9loigne toujours un peu plus des r\u00e9elles solutions pour lutter contre les crises climatiques et environnementales actuelles.<\/p>\n","protected":false},"excerpt":{"rendered":"<p>Un article int\u00e9ressant du site The Conversation (en anglais) nous apprend que les personnes qui se d\u00e9placent quotidiennement \u00e0 v\u00e9lo \u00e9mettent 84 % moins de CO2 que les autres (dans <a class=\"more-link\" href=\"https:\/\/carfree.fr\/index.php\/2021\/06\/09\/la-voiture-electrique-ne-nous-sauvera-pas\/\">Lire la suite&#8230;<\/a><\/p>\n","protected":false},"author":18,"featured_media":44019,"comment_status":"open","ping_status":"closed","sticky":false,"template":"","format":"standard","meta":[],"categories":[4,73,9,1037,124,8,7],"tags":[1709,57,56,926,287,33,86,1198,1664,363],"views":19190,"_links":{"self":[{"href":"https:\/\/carfree.fr\/index.php\/wp-json\/wp\/v2\/posts\/44018"}],"collection":[{"href":"https:\/\/carfree.fr\/index.php\/wp-json\/wp\/v2\/posts"}],"about":[{"href":"https:\/\/carfree.fr\/index.php\/wp-json\/wp\/v2\/types\/post"}],"author":[{"embeddable":true,"href":"https:\/\/carfree.fr\/index.php\/wp-json\/wp\/v2\/users\/18"}],"replies":[{"embeddable":true,"href":"https:\/\/carfree.fr\/index.php\/wp-json\/wp\/v2\/comments?post=44018"}],"version-history":[{"count":0,"href":"https:\/\/carfree.fr\/index.php\/wp-json\/wp\/v2\/posts\/44018\/revisions"}],"wp:featuredmedia":[{"embeddable":true,"href":"https:\/\/carfree.fr\/index.php\/wp-json\/wp\/v2\/media\/44019"}],"wp:attachment":[{"href":"https:\/\/carfree.fr\/index.php\/wp-json\/wp\/v2\/media?parent=44018"}],"wp:term":[{"taxonomy":"category","embeddable":true,"href":"https:\/\/carfree.fr\/index.php\/wp-json\/wp\/v2\/categories?post=44018"},{"taxonomy":"post_tag","embeddable":true,"href":"https:\/\/carfree.fr\/index.php\/wp-json\/wp\/v2\/tags?post=44018"}],"curies":[{"name":"wp","href":"https:\/\/api.w.org\/{rel}","templated":true}]}}