{"id":44062,"date":"2021-09-06T09:47:26","date_gmt":"2021-09-06T08:47:26","guid":{"rendered":"http:\/\/carfree.fr\/?p=44062"},"modified":"2021-09-06T11:04:34","modified_gmt":"2021-09-06T10:04:34","slug":"ils-loupent-leur-manif-contre-le-30-km-heure-a-paris","status":"publish","type":"post","link":"https:\/\/carfree.fr\/index.php\/2021\/09\/06\/ils-loupent-leur-manif-contre-le-30-km-heure-a-paris\/","title":{"rendered":"Ils loupent leur manif contre le 30 km\/heure \u00e0 Paris&#8230;"},"content":{"rendered":"<p>Attention, c&rsquo;est du lourd, avec les anti-30 km\/heure en ville, on a affaire \u00e0 de v\u00e9ritables champions&#8230; Suite \u00e0 la g\u00e9n\u00e9ralisation du 30 km\/heure \u00e0 Paris, des contestataires ont en effet voulu organiser une manif d&rsquo;automobilistes m\u00e9contents qui a fait&#8230; flop. <!--more--><\/p>\n<p>Comme chacun le sait d\u00e9sormais, la circulation des v\u00e9hicules est limit\u00e9e \u00e0 30 km\/h depuis le 30 ao\u00fbt 2021 dans tout Paris, hormis le p\u00e9riph\u00e9rique, les boulevards des Mar\u00e9chaux et quelques axes. Ce n&rsquo;est pas vraiment une r\u00e9volution, car avant cette mesure, <a href=\"https:\/\/www.paris.fr\/pages\/generalisation-de-la-vitesse-a-30-km-h-les-parisiens-ont-donne-leur-avis-16967\" rel=\"noopener\" target=\"_blank\">60 % des routes parisiennes \u00e9taient d\u00e9j\u00e0 limit\u00e9es \u00e0 30 km\/h<\/a>.<\/p>\n<p>Mais bon, l&rsquo;aspect \u00ab\u00a0<em>g\u00e9n\u00e9ralisation<\/em>\u00a0\u00bb du 30 km\/heure a quand m\u00eame fait son petit effet et certains automobilistes ont voulu organiser un <a href=\"https:\/\/www.leparisien.fr\/paris-75\/paris-75012\/la-manifestation-contre-les-30-kmh-a-paris-fait-flop-05-09-2021-M2NR4IVBZVAE7JPVEC6T4JOEC4.php\" rel=\"noopener\" target=\"_blank\">grand mouvement citoyen contre le 30 km\/heure en ville \u00e0 Paris<\/a>.<\/p>\n<p>Une association nomm\u00e9e \u00ab Rouler Libre \u00bb avait donc donn\u00e9 rendez-vous aux automobilistes m\u00e9contents le dimanche 5 septembre 2021 pour une \u00ab\u00a0<em>manifestation contre la g\u00e9n\u00e9ralisation des 30 km\/h \u00e0 Paris<\/em>,\u00a0\u00bb organis\u00e9e sur le cours des Mar\u00e9chaux (XIIe), en lisi\u00e8re de Vincennes (Val-de-Marne). Pas de bol, ils avaient choisi le m\u00eame lieu et le m\u00eame jour que le&#8230; Semi-marathon de Paris!<\/p>\n<p>R\u00e9sultat: il n&rsquo;y avait personne ou presque \u00e0 leur manif car les quelques automobilistes qui auraient voulu venir ont \u00e9t\u00e9 d\u00e9courag\u00e9s par le blocage du secteur li\u00e9 au semi-marathon&#8230;. C&rsquo;est ballot. \u00ab\u00a0<em>Il y a eu un probl\u00e8me de coordination<\/em>, se d\u00e9sole le pr\u00e9sident de l&rsquo;association Fran\u00e7ois Vallin, <em>en attendant les bras crois\u00e9s<\/em>. (sic!)\u00a0\u00bb<\/p>\n<p>Et le m\u00eame Fran\u00e7ois Vallin se plaint qu&rsquo;on les a priv\u00e9 de leur \u00ab\u00a0<em>droit \u00e0 manifester&#8230;<\/em>\u00a0\u00bb Selon lui, \u00ab\u00a0<em>il \u00e9tait tr\u00e8s difficile de circuler dans le secteur avec toutes les rues barr\u00e9es \u00e0 cause de la course.<\/em>\u00a0\u00bb<\/p>\n<p>Donc, si on r\u00e9sume, deux p\u00e9quins et trois tondus d\u00e9cident d&rsquo;organiser seuls dans leur coin leur petite manif contre le 30km\/h, ils le font le jour du semi-marathon de Paris et dans le m\u00eame secteur en plus&#8230; quand le quartier est justement boucl\u00e9 du fait du semi-marathon. Evidemment, ils n&rsquo;ont personne \u00e0 leur manif et ne peuvent que se plaindre de&#8230; leur organisation. Pour finir, ils expliquent que c&rsquo;est quand m\u00eame tr\u00e8s difficile de rouler \u00e0 Paris&#8230;<\/p>\n<p>What else?<\/p>\n<p><em>Photo Le Parisien. A gauche, ma\u00eetre Patrick Tabet. A droite, Fran\u00e7ois Vallin, pr\u00e9sident de \u00ab\u00a0Rouler Libre\u00a0\u00bb. Ce dimanche matin lors de la manifestation loup\u00e9e contre la g\u00e9n\u00e9ralisation des 30 km\/h \u00e0 Paris. LP\/Jean-Baptiste Quentin<\/em><\/p>\n","protected":false},"excerpt":{"rendered":"<p>Attention, c&rsquo;est du lourd, avec les anti-30 km\/heure en ville, on a affaire \u00e0 de v\u00e9ritables champions&#8230; Suite \u00e0 la g\u00e9n\u00e9ralisation du 30 km\/heure \u00e0 Paris, des contestataires ont en <a class=\"more-link\" href=\"https:\/\/carfree.fr\/index.php\/2021\/09\/06\/ils-loupent-leur-manif-contre-le-30-km-heure-a-paris\/\">Lire la suite&#8230;<\/a><\/p>\n","protected":false},"author":3,"featured_media":44064,"comment_status":"open","ping_status":"closed","sticky":false,"template":"","format":"standard","meta":[],"categories":[4,73],"tags":[110,846,177,969,106,1043,144],"views":11404,"_links":{"self":[{"href":"https:\/\/carfree.fr\/index.php\/wp-json\/wp\/v2\/posts\/44062"}],"collection":[{"href":"https:\/\/carfree.fr\/index.php\/wp-json\/wp\/v2\/posts"}],"about":[{"href":"https:\/\/carfree.fr\/index.php\/wp-json\/wp\/v2\/types\/post"}],"author":[{"embeddable":true,"href":"https:\/\/carfree.fr\/index.php\/wp-json\/wp\/v2\/users\/3"}],"replies":[{"embeddable":true,"href":"https:\/\/carfree.fr\/index.php\/wp-json\/wp\/v2\/comments?post=44062"}],"version-history":[{"count":0,"href":"https:\/\/carfree.fr\/index.php\/wp-json\/wp\/v2\/posts\/44062\/revisions"}],"wp:featuredmedia":[{"embeddable":true,"href":"https:\/\/carfree.fr\/index.php\/wp-json\/wp\/v2\/media\/44064"}],"wp:attachment":[{"href":"https:\/\/carfree.fr\/index.php\/wp-json\/wp\/v2\/media?parent=44062"}],"wp:term":[{"taxonomy":"category","embeddable":true,"href":"https:\/\/carfree.fr\/index.php\/wp-json\/wp\/v2\/categories?post=44062"},{"taxonomy":"post_tag","embeddable":true,"href":"https:\/\/carfree.fr\/index.php\/wp-json\/wp\/v2\/tags?post=44062"}],"curies":[{"name":"wp","href":"https:\/\/api.w.org\/{rel}","templated":true}]}}