{"id":44096,"date":"2021-09-27T13:32:03","date_gmt":"2021-09-27T12:32:03","guid":{"rendered":"http:\/\/carfree.fr\/?p=44096"},"modified":"2021-09-27T13:32:03","modified_gmt":"2021-09-27T12:32:03","slug":"le-barometre-des-villes-cyclables-2021","status":"publish","type":"post","link":"https:\/\/carfree.fr\/index.php\/2021\/09\/27\/le-barometre-des-villes-cyclables-2021\/","title":{"rendered":"Le Barom\u00e8tre des Villes Cyclables 2021"},"content":{"rendered":"<p>Le barom\u00e8tre des villes cyclables est l&rsquo;indice de satisfaction des usagers du v\u00e9lo en France. En 2021, vous avez \u00e0 nouveau la possibilit\u00e9 de remplir le questionnaire et de compl\u00e9ter la carte num\u00e9rique pour \u00e9valuer si vous vous sentez en s\u00e9curit\u00e9 lorsque vous faites du v\u00e9lo et si des mesures suffisantes sont prises pour am\u00e9liorer vos conditions de d\u00e9placement. <!--more--><\/p>\n<p>L\u2019enqu\u00eate est r\u00e9alis\u00e9e par la F\u00e9d\u00e9ration des Usagers de la Bicyclette (FUB) qui regroupe les associations pro-v\u00e9lo en France. La derni\u00e8re \u00e9dition en 2019 avait permis de r\u00e9colter plus de 185 000 r\u00e9ponses dans plus de 5 400 communes partout en France ce qui en fait l\u2019une des plus grandes enqu\u00eates v\u00e9lo dans le monde.<\/p>\n<p>Les r\u00e9sultats du Barom\u00e8tre des villes cyclables fournissent aux services techniques des collectivit\u00e9s et aux responsables politiques un retour d&rsquo;information concret sur l\u2019accueil de leur politique v\u00e9lo par les usagers et des indications utiles pour les accompagner dans la prise de d\u00e9cision.<\/p>\n<p>Vous pouvez participer \u00e0 l&rsquo;enqu\u00eate jusqu&rsquo;au 30 novembre 2021 (temps estim\u00e9 de r\u00e9ponse : 5 \u00e0 10 minutes)<br \/>\n<a href=\"https:\/\/barometre.parlons-velo.fr\" rel=\"noopener\" target=\"_blank\">https:\/\/barometre.parlons-velo.fr<\/a><\/p>\n","protected":false},"excerpt":{"rendered":"<p>Le barom\u00e8tre des villes cyclables est l&rsquo;indice de satisfaction des usagers du v\u00e9lo en France. En 2021, vous avez \u00e0 nouveau la possibilit\u00e9 de remplir le questionnaire et de compl\u00e9ter <a class=\"more-link\" href=\"https:\/\/carfree.fr\/index.php\/2021\/09\/27\/le-barometre-des-villes-cyclables-2021\/\">Lire la suite&#8230;<\/a><\/p>\n","protected":false},"author":37,"featured_media":44097,"comment_status":"open","ping_status":"closed","sticky":false,"template":"","format":"standard","meta":[],"categories":[4,7],"tags":[1818,646,1664,1244],"views":11032,"_links":{"self":[{"href":"https:\/\/carfree.fr\/index.php\/wp-json\/wp\/v2\/posts\/44096"}],"collection":[{"href":"https:\/\/carfree.fr\/index.php\/wp-json\/wp\/v2\/posts"}],"about":[{"href":"https:\/\/carfree.fr\/index.php\/wp-json\/wp\/v2\/types\/post"}],"author":[{"embeddable":true,"href":"https:\/\/carfree.fr\/index.php\/wp-json\/wp\/v2\/users\/37"}],"replies":[{"embeddable":true,"href":"https:\/\/carfree.fr\/index.php\/wp-json\/wp\/v2\/comments?post=44096"}],"version-history":[{"count":0,"href":"https:\/\/carfree.fr\/index.php\/wp-json\/wp\/v2\/posts\/44096\/revisions"}],"wp:featuredmedia":[{"embeddable":true,"href":"https:\/\/carfree.fr\/index.php\/wp-json\/wp\/v2\/media\/44097"}],"wp:attachment":[{"href":"https:\/\/carfree.fr\/index.php\/wp-json\/wp\/v2\/media?parent=44096"}],"wp:term":[{"taxonomy":"category","embeddable":true,"href":"https:\/\/carfree.fr\/index.php\/wp-json\/wp\/v2\/categories?post=44096"},{"taxonomy":"post_tag","embeddable":true,"href":"https:\/\/carfree.fr\/index.php\/wp-json\/wp\/v2\/tags?post=44096"}],"curies":[{"name":"wp","href":"https:\/\/api.w.org\/{rel}","templated":true}]}}