{"id":44148,"date":"2021-11-09T08:56:23","date_gmt":"2021-11-09T07:56:23","guid":{"rendered":"http:\/\/carfree.fr\/?p=44148"},"modified":"2021-11-09T08:56:23","modified_gmt":"2021-11-09T07:56:23","slug":"duree-de-trajet-depuis-paris-en-trainvelo-et-comparaison-avec-la-voiture","status":"publish","type":"post","link":"https:\/\/carfree.fr\/index.php\/2021\/11\/09\/duree-de-trajet-depuis-paris-en-trainvelo-et-comparaison-avec-la-voiture\/","title":{"rendered":"Dur\u00e9e de trajet depuis Paris en train+v\u00e9lo et comparaison avec la voiture"},"content":{"rendered":"<p>Pour voyager de Paris vers le reste de la France le plus rapidement possible, faut-il prendre la voiture ou un combo train &amp; v\u00e9lo? Des experts en visualisation de donn\u00e9es (datavisualisation) ont produit des cartes isochrones montrant la vitesse permise par le train+v\u00e9lo et par la voiture ainsi qu&rsquo;une carte montrant les moyens de transport les plus rapides depuis la capitale fran\u00e7aise. <!--more--><\/p>\n<p>La premi\u00e8re carte ci-dessous montre le temps de trajet minimal en train+v\u00e9lo depuis Paris:<\/p>\n<p><img decoding=\"async\" loading=\"lazy\" src=\"http:\/\/carfree.fr\/img\/2021\/11\/carte1.jpg\" alt=\"\" width=\"600\" height=\"591\" class=\"alignnone size-full wp-image-44149\" srcset=\"https:\/\/carfree.fr\/img\/2021\/11\/carte1.jpg 600w, https:\/\/carfree.fr\/img\/2021\/11\/carte1-50x50.jpg 50w\" sizes=\"(max-width: 600px) 100vw, 600px\" \/><\/p>\n<p>La seconde carte montre le temps de trajet minimal en voiture depuis Paris:<\/p>\n<p><img decoding=\"async\" loading=\"lazy\" src=\"http:\/\/carfree.fr\/img\/2021\/11\/carte2.jpg\" alt=\"\" width=\"600\" height=\"591\" class=\"alignnone size-full wp-image-44150\" srcset=\"https:\/\/carfree.fr\/img\/2021\/11\/carte2.jpg 600w, https:\/\/carfree.fr\/img\/2021\/11\/carte2-50x50.jpg 50w\" sizes=\"(max-width: 600px) 100vw, 600px\" \/><\/p>\n<p>Et la troisi\u00e8me et derni\u00e8re carte montre les modes de transport les plus rapides depuis Paris. Les zones rouges sont accessibles plus rapidement en voiture, les bleues en train + v\u00e9lo. On peut constater qu&rsquo;une bonne partie de la France, tout l&rsquo;ouest, le sud et l&rsquo;est, est accessible plus rapidement en train+v\u00e9lo plut\u00f4t qu&rsquo;en voiture&#8230; Mais, \u00e0 part \u00e7a, la voiture est in-dis-pen-sa-ble d\u00e8s qu&rsquo;on sort de Paris&#8230;<\/p>\n<p><img decoding=\"async\" loading=\"lazy\" src=\"http:\/\/carfree.fr\/img\/2021\/11\/carte3.jpg\" alt=\"\" width=\"600\" height=\"591\" class=\"alignnone size-full wp-image-44151\" srcset=\"https:\/\/carfree.fr\/img\/2021\/11\/carte3.jpg 600w, https:\/\/carfree.fr\/img\/2021\/11\/carte3-50x50.jpg 50w\" sizes=\"(max-width: 600px) 100vw, 600px\" \/><\/p>\n<p>Ces cartes ont \u00e9t\u00e9 produites par <a href=\"https:\/\/www.reddit.com\/r\/dataisbeautiful\/comments\/q7weml\/oc_minimum_travel_time_from_paris_by_train_bike\/\" rel=\"noopener\" target=\"_blank\">DataIsBeautiful sur reddit<\/a><\/p>\n","protected":false},"excerpt":{"rendered":"<p>Pour voyager de Paris vers le reste de la France le plus rapidement possible, faut-il prendre la voiture ou un combo train &amp; v\u00e9lo? Des experts en visualisation de donn\u00e9es <a class=\"more-link\" href=\"https:\/\/carfree.fr\/index.php\/2021\/11\/09\/duree-de-trajet-depuis-paris-en-trainvelo-et-comparaison-avec-la-voiture\/\">Lire la suite&#8230;<\/a><\/p>\n","protected":false},"author":37,"featured_media":44152,"comment_status":"open","ping_status":"closed","sticky":false,"template":"","format":"standard","meta":[],"categories":[4,73,8,7],"tags":[1715,848,16,410,106,119,1664,144],"views":20183,"_links":{"self":[{"href":"https:\/\/carfree.fr\/index.php\/wp-json\/wp\/v2\/posts\/44148"}],"collection":[{"href":"https:\/\/carfree.fr\/index.php\/wp-json\/wp\/v2\/posts"}],"about":[{"href":"https:\/\/carfree.fr\/index.php\/wp-json\/wp\/v2\/types\/post"}],"author":[{"embeddable":true,"href":"https:\/\/carfree.fr\/index.php\/wp-json\/wp\/v2\/users\/37"}],"replies":[{"embeddable":true,"href":"https:\/\/carfree.fr\/index.php\/wp-json\/wp\/v2\/comments?post=44148"}],"version-history":[{"count":0,"href":"https:\/\/carfree.fr\/index.php\/wp-json\/wp\/v2\/posts\/44148\/revisions"}],"wp:featuredmedia":[{"embeddable":true,"href":"https:\/\/carfree.fr\/index.php\/wp-json\/wp\/v2\/media\/44152"}],"wp:attachment":[{"href":"https:\/\/carfree.fr\/index.php\/wp-json\/wp\/v2\/media?parent=44148"}],"wp:term":[{"taxonomy":"category","embeddable":true,"href":"https:\/\/carfree.fr\/index.php\/wp-json\/wp\/v2\/categories?post=44148"},{"taxonomy":"post_tag","embeddable":true,"href":"https:\/\/carfree.fr\/index.php\/wp-json\/wp\/v2\/tags?post=44148"}],"curies":[{"name":"wp","href":"https:\/\/api.w.org\/{rel}","templated":true}]}}