{"id":44165,"date":"2021-11-30T08:43:13","date_gmt":"2021-11-30T07:43:13","guid":{"rendered":"http:\/\/carfree.fr\/?p=44165"},"modified":"2021-11-30T08:43:13","modified_gmt":"2021-11-30T07:43:13","slug":"mes-aides-velo","status":"publish","type":"post","link":"https:\/\/carfree.fr\/index.php\/2021\/11\/30\/mes-aides-velo\/","title":{"rendered":"Mes aides v\u00e9lo"},"content":{"rendered":"<p>De quelles aides financi\u00e8res peut-on b\u00e9n\u00e9ficier pour acheter un v\u00e9lo, un v\u00e9lo \u00e0 assistance \u00e9lectrique, un v\u00e9lo-cargo ou m\u00eame un v\u00e9lo pliant? Pour s&rsquo;y retrouver dans les multiples aides, que ce soit \u00e0 l&rsquo;\u00e9chelle nationale, r\u00e9gionale, d\u00e9partementale ou municipale, un internaute a eu la bonne id\u00e9e de cr\u00e9er un site web pour r\u00e9pertorier toutes les aides financi\u00e8res pour acheter un v\u00e9lo. <!--more--><\/p>\n<p>Saviez-vous qu&rsquo;un habitant de Paris peut b\u00e9n\u00e9ficier d&rsquo;une subvention allant jusqu&rsquo;\u00e0 700 euros pour l&rsquo;achat d&rsquo;un v\u00e9lo \u00e9lectrique, jusqu&rsquo;\u00e0 1600 euros pour l&rsquo;achat d&rsquo;un v\u00e9lo-cargo et m\u00eame jusqu&rsquo;\u00e0 500 euros pour l&rsquo;achat d&rsquo;un v\u00e9lo pliant?<\/p>\n<p>C&rsquo;est le genre d&rsquo;informations que l&rsquo;on peut trouver sur le site <a href=\"https:\/\/mesaidesvelo.fr\" rel=\"noopener\" target=\"_blank\">https:\/\/mesaidesvelo.fr<\/a>.<\/p>\n<p>Le site est encore en version b\u00e9ta, mais il permet d&rsquo;ores et d\u00e9j\u00e0 de trouver rapidement, en indiquant seulement son code postal, les possibilit\u00e9s d&rsquo;aides financi\u00e8res selon l&rsquo;endroit o\u00f9 on habite.<\/p>\n<p>Pour l&rsquo;instant, le site r\u00e9pertorie essentiellement les aides nationales ou les aides provenant des grandes agglom\u00e9rations, mais il est possible \u00e0 tout un chacun de signaler un oubli et donc de participer \u00e0 ce recensement.<\/p>\n<p>N&rsquo;oublions pas malgr\u00e9 tout que la principale \u00e9conomie faite \u00e0 v\u00e9lo, c&rsquo;est le carburant que l&rsquo;on ne consomme pas, et le co\u00fbt d&rsquo;achat du v\u00e9lo toujours moins \u00e9lev\u00e9 que la voiture, et l&rsquo;assurance voiture que l&rsquo;on n&rsquo;a pas \u00e0 payer, et le contr\u00f4le technique payant que l&rsquo;on \u00e9vite, et les frais de stationnement que l&rsquo;on n&rsquo;a plus, et le prix des autoroutes que l&rsquo;on ne paye plus, etc. etc.<\/p>\n","protected":false},"excerpt":{"rendered":"<p>De quelles aides financi\u00e8res peut-on b\u00e9n\u00e9ficier pour acheter un v\u00e9lo, un v\u00e9lo \u00e0 assistance \u00e9lectrique, un v\u00e9lo-cargo ou m\u00eame un v\u00e9lo pliant? Pour s&rsquo;y retrouver dans les multiples aides, que <a class=\"more-link\" href=\"https:\/\/carfree.fr\/index.php\/2021\/11\/30\/mes-aides-velo\/\">Lire la suite&#8230;<\/a><\/p>\n","protected":false},"author":37,"featured_media":44166,"comment_status":"open","ping_status":"closed","sticky":false,"template":"","format":"standard","meta":[],"categories":[4,72,7],"tags":[306,646,16,850,1198,1664],"views":11369,"_links":{"self":[{"href":"https:\/\/carfree.fr\/index.php\/wp-json\/wp\/v2\/posts\/44165"}],"collection":[{"href":"https:\/\/carfree.fr\/index.php\/wp-json\/wp\/v2\/posts"}],"about":[{"href":"https:\/\/carfree.fr\/index.php\/wp-json\/wp\/v2\/types\/post"}],"author":[{"embeddable":true,"href":"https:\/\/carfree.fr\/index.php\/wp-json\/wp\/v2\/users\/37"}],"replies":[{"embeddable":true,"href":"https:\/\/carfree.fr\/index.php\/wp-json\/wp\/v2\/comments?post=44165"}],"version-history":[{"count":0,"href":"https:\/\/carfree.fr\/index.php\/wp-json\/wp\/v2\/posts\/44165\/revisions"}],"wp:featuredmedia":[{"embeddable":true,"href":"https:\/\/carfree.fr\/index.php\/wp-json\/wp\/v2\/media\/44166"}],"wp:attachment":[{"href":"https:\/\/carfree.fr\/index.php\/wp-json\/wp\/v2\/media?parent=44165"}],"wp:term":[{"taxonomy":"category","embeddable":true,"href":"https:\/\/carfree.fr\/index.php\/wp-json\/wp\/v2\/categories?post=44165"},{"taxonomy":"post_tag","embeddable":true,"href":"https:\/\/carfree.fr\/index.php\/wp-json\/wp\/v2\/tags?post=44165"}],"curies":[{"name":"wp","href":"https:\/\/api.w.org\/{rel}","templated":true}]}}