{"id":44181,"date":"2021-12-07T09:36:53","date_gmt":"2021-12-07T08:36:53","guid":{"rendered":"http:\/\/carfree.fr\/?p=44181"},"modified":"2021-12-07T09:44:04","modified_gmt":"2021-12-07T08:44:04","slug":"prisonniers-climatiques","status":"publish","type":"post","link":"https:\/\/carfree.fr\/index.php\/2021\/12\/07\/prisonniers-climatiques\/","title":{"rendered":"Prisonniers climatiques"},"content":{"rendered":"<p>Au Royaume-Uni, o\u00f9 vient de se terminer le <a href=\"http:\/\/carfree.fr\/index.php\/2021\/11\/04\/une-cop26-au-service-du-lobby-automobile\/\" rel=\"noopener\" target=\"_blank\">fiasco de la COP26 de Glasgow<\/a>, les premiers prisonniers climatiques de l&rsquo;association \u00ab\u00a0<em>Insulate Britain<\/em>\u00a0\u00bb dorment d\u00e9sormais en prison. <!--more--><\/p>\n<p><a href=\"https:\/\/www.bbc.com\/news\/uk-england-london-59307679\" rel=\"noopener\" target=\"_blank\">Selon la BBC<\/a>, neuf manifestants d&rsquo;<a href=\"https:\/\/www.insulatebritain.com\/\" rel=\"noopener\" target=\"_blank\">Insulate Britain<\/a>, une association d&rsquo;activistes climatiques comparable \u00e0 <a href=\"https:\/\/extinctionrebellion.fr\/\" rel=\"noopener\" target=\"_blank\">Extinction Rebellion<\/a> ont \u00e9t\u00e9 emprisonn\u00e9s pour avoir enfreint une injonction visant \u00e0 leur emp\u00eacher de poursuivre un blocage des routes du Royaume-Uni commenc\u00e9 il y a plus de deux mois.<\/p>\n<p>Les militants ont en effet entam\u00e9 une vague de protestations il y a deux mois, bloquant la <a href=\"http:\/\/carfree.fr\/index.php\/2008\/11\/13\/la-m25-route-orbitale-de-londres-vers-lapocalypse-automobile\/\" rel=\"noopener\" target=\"_blank\">M25<\/a>, l&rsquo;autoroute p\u00e9riph\u00e9rique du Grand Londres, d&rsquo;autres routes \u00e0 Londres et ailleurs au Royaume-Uni.<\/p>\n<p>Ana Heyatawin, 58 ans, et Louis McKechnie, 20 ans, ont \u00e9t\u00e9 condamn\u00e9s \u00e0 trois mois de prison, tandis que le Dr Ben Buse, 36 ans, Roman Paluch-Machnik, 28 ans, Oliver Rock, 41 ans, Emma Smart, 44 ans, Tim Speers, 36 ans, et James Thomas, 47 ans, ont tous \u00e9t\u00e9 condamn\u00e9s \u00e0 quatre mois de prison.<\/p>\n<p>Le groupe a promis de continuer \u00e0 protester.<\/p>\n<p>Les observations faites par Ben Taylor, 37 ans, devant le tribunal ont \u00e9t\u00e9 d\u00e9crites par la juge comme \u00ab\u00a0incendiaires\u00a0\u00bb et comme un \u00ab\u00a0appel aux armes,\u00a0\u00bb et il a donc \u00e9t\u00e9 condamn\u00e9 \u00e0 une peine plus longue de six mois \u00ab\u00a0pour le dissuader de commettre d&rsquo;autres infractions.\u00a0\u00bb<\/p>\n<p>La juge a d\u00e9clar\u00e9 qu&rsquo;il n&rsquo;y avait pas d&rsquo;alternative aux peines privatives de libert\u00e9 \u00e9tant donn\u00e9 que les actions du groupe \u00e9taient si graves et qu&rsquo;ils avaient clairement indiqu\u00e9 leur intention de continuer \u00e0 enfreindre les ordonnances du tribunal.<\/p>\n<p><a href=\"https:\/\/www.lemonde.fr\/climat\/article\/2021\/11\/17\/la-justice-britannique-condamne-des-militants-du-climat-a-de-la-prison-ferme_6102471_1652612.html\" rel=\"noopener\" target=\"_blank\">Selon le journal Le Monde<\/a>, Ben Taylor a dit \u00e0 la cour que s\u2019il n\u2019allait pas en prison, il retournerait \u00ab bloquer l\u2019autoroute \u00e0 la premi\u00e8re occasion (\u2026). Si vous nous envoyez tous [en prison], 100 personnes vont venir apr\u00e8s nous et prendre nos places. Si vous les emprisonnez toutes, 1 000 autres viendront derri\u00e8re. \u00bb \u00ab Les pr\u00e9venus, ou certains d\u2019entre eux, semblent vouloir devenir des martyrs de leur cause \u00bb, a relev\u00e9 la juge Sharp. \u00ab Ce gouvernement nous a laiss\u00e9s tomber et nous a trahis. (\u2026) Nous restons r\u00e9solus et d\u00e9termin\u00e9s \u00bb, ont r\u00e9agi les autres membres d\u2019<em>Insulate Britain<\/em> sur Twitter.<\/p>\n<p>L\u2019association, form\u00e9e \u00e0 l\u2019\u00e9t\u00e9, exige du gouvernement qu\u2019il isole tous les logements sociaux d\u2019ici \u00e0 2025 et tous les autres logements d\u2019ici \u00e0 2030, afin d\u2019am\u00e9liorer l\u2019efficacit\u00e9 \u00e9nerg\u00e9tique des b\u00e2timents au Royaume-Uni, consid\u00e9r\u00e9e comme tr\u00e8s m\u00e9diocre. <em>Insulate Britain<\/em> est pass\u00e9e \u00e0 l\u2019action mi-septembre, en bloquant \u00e0 plusieurs reprises l\u2019autoroute qui fait le tour du Grand Londres avec des moyens tr\u00e8s rudimentaires: quelques militants collent leurs mains et leurs pieds au bitume, obligeant les automobilistes et les poids lourds \u00e0 s\u2019arr\u00eater jusqu\u2019\u00e0 ce que les forces de l\u2019ordre interviennent.<\/p>\n<p><a href=\"https:\/\/www.theguardian.com\/environment\/2021\/oct\/26\/insulate-britain-declares-m25-site-of-non-violent-civil-resistance\" rel=\"noopener\" target=\"_blank\">Selon le journal The Guardian<\/a>,<em> Insulate Britain <\/em>a organis\u00e9 14 jours d&rsquo;action sur de nombreuses routes autour de Londres depuis le 13 septembre, ce qui a conduit \u00e0 des centaines d&rsquo;arrestations. Le groupe avait initialement pr\u00e9vu d&rsquo;avoir des dizaines de \u00ab\u00a0prisonniers climatiques\u00a0\u00bb dans les prisons britanniques avant le d\u00e9but du sommet climatique de la COP26 \u00e0 Glasgow fin octobre, mais jusqu&rsquo;\u00e0 pr\u00e9sent, aucun n&rsquo;avait \u00e9t\u00e9 d\u00e9tenu pendant plus d&rsquo;une semaine.<\/p>\n","protected":false},"excerpt":{"rendered":"<p>Au Royaume-Uni, o\u00f9 vient de se terminer le fiasco de la COP26 de Glasgow, les premiers prisonniers climatiques de l&rsquo;association \u00ab\u00a0Insulate Britain\u00a0\u00bb dorment d\u00e9sormais en prison.<\/p>\n","protected":false},"author":70,"featured_media":44182,"comment_status":"open","ping_status":"closed","sticky":false,"template":"","format":"standard","meta":[],"categories":[124],"tags":[181,350,57,100,760,1669],"views":10078,"_links":{"self":[{"href":"https:\/\/carfree.fr\/index.php\/wp-json\/wp\/v2\/posts\/44181"}],"collection":[{"href":"https:\/\/carfree.fr\/index.php\/wp-json\/wp\/v2\/posts"}],"about":[{"href":"https:\/\/carfree.fr\/index.php\/wp-json\/wp\/v2\/types\/post"}],"author":[{"embeddable":true,"href":"https:\/\/carfree.fr\/index.php\/wp-json\/wp\/v2\/users\/70"}],"replies":[{"embeddable":true,"href":"https:\/\/carfree.fr\/index.php\/wp-json\/wp\/v2\/comments?post=44181"}],"version-history":[{"count":0,"href":"https:\/\/carfree.fr\/index.php\/wp-json\/wp\/v2\/posts\/44181\/revisions"}],"wp:featuredmedia":[{"embeddable":true,"href":"https:\/\/carfree.fr\/index.php\/wp-json\/wp\/v2\/media\/44182"}],"wp:attachment":[{"href":"https:\/\/carfree.fr\/index.php\/wp-json\/wp\/v2\/media?parent=44181"}],"wp:term":[{"taxonomy":"category","embeddable":true,"href":"https:\/\/carfree.fr\/index.php\/wp-json\/wp\/v2\/categories?post=44181"},{"taxonomy":"post_tag","embeddable":true,"href":"https:\/\/carfree.fr\/index.php\/wp-json\/wp\/v2\/tags?post=44181"}],"curies":[{"name":"wp","href":"https:\/\/api.w.org\/{rel}","templated":true}]}}