{"id":44256,"date":"2022-01-18T08:36:46","date_gmt":"2022-01-18T07:36:46","guid":{"rendered":"http:\/\/carfree.fr\/?p=44256"},"modified":"2022-01-18T08:36:46","modified_gmt":"2022-01-18T07:36:46","slug":"louis-96-ans-fait-encore-4000-kilometres-a-velo-par-an","status":"publish","type":"post","link":"https:\/\/carfree.fr\/index.php\/2022\/01\/18\/louis-96-ans-fait-encore-4000-kilometres-a-velo-par-an\/","title":{"rendered":"Louis, 96 ans, fait encore 4000 kilom\u00e8tres \u00e0 v\u00e9lo par an"},"content":{"rendered":"<p>Apr\u00e8s <a href=\"http:\/\/carfree.fr\/index.php\/2021\/11\/16\/jacqueline-90-ans-et-toujours-a-velo\/\" rel=\"noopener\" target=\"_blank\">Jacqueline, 90 ans et toujours \u00e0 v\u00e9lo<\/a>, voici le portrait de Louis, 96 ans, qui fait encore 4000 kilom\u00e8tres \u00e0 v\u00e9lo par an&#8230; <!--more--><\/p>\n<p>\u00c0 96 ans, Louis Bry est un papy tr\u00e8s actif qui roule entre 4\u2009000 et 5\u2009000 km par an avec son v\u00e9lo de course\u2009du c\u00f4t\u00e9 de Ch\u00e2teaubriant (Loire-Atlantique).<\/p>\n<p>Agriculteur \u00e0 la retraite, Louis ne passe pas une journ\u00e9e sans enfourcher soit son fameux v\u00e9lo de course avec le guidon retourn\u00e9 \u00ab\u00a0<em>pour avoir moins mal aux reins<\/em>,\u00a0\u00bb soit son v\u00e9lo de ville, avec lequel il va acheter son pain dans le bourg de sa commune de r\u00e9sidence, La Meilleraye-de-Bretagne (6,4 km pour un aller-retour direct, depuis son village de la Chesnaie), et ses galettes de bl\u00e9 noir \u00e0 Iss\u00e9 (10 km).<\/p>\n<p>En 2021, il n&rsquo;a roul\u00e9 \u00ab\u00a0que 4000 kilom\u00e8tres\u00a0\u00bb contre 5000 kilom\u00e8tres l&rsquo;ann\u00e9e pr\u00e9c\u00e9dente car il s&rsquo;est fait poser une proth\u00e8se de genou en octobre 2020. L&rsquo;op\u00e9ration s&rsquo;est bien pass\u00e9e, mais Louis a attrap\u00e9 le Covid \u00e0 l&rsquo;h\u00f4pital malgr\u00e9 la vaccination.<\/p>\n<p>En plus, on lui a pos\u00e9 un pacemaker r\u00e9cemment, mais cela ne l\u2019emp\u00eache pas de remonter en selle et de partir, en solitaire toujours, \u00e0 l\u2019assaut de quelques c\u00f4tes assez cors\u00e9es des alentours.<\/p>\n<p>Et qu\u2019on ne lui sugg\u00e8re pas de demander un v\u00e9lo \u00e9lectrique \u00e0 No\u00ebl: \u00ab\u00a0<em>Je n\u2019en veux surtout pas\u2009! On n\u2019a plus d\u2019efforts \u00e0 faire, avec un v\u00e9lo \u00e9lectrique\u2026<\/em>\u00a0\u00bb<\/p>\n<p>Aujourd\u2019hui, une seule chose l\u2019emb\u00eate r\u00e9ellement pour exercer sa passion, lui qui n\u2019a jamais trouv\u00e9 bon de troquer ses v\u00eatements classiques pour une tenue cycliste: \u00ab\u00a0<em>On ne trouve plus de pinces \u00e0 pantalon\u2009!<\/em>\u00a0\u00bb<\/p>\n<p>Alors, si jamais vous en retrouvez, quelque part dans votre grenier, n\u2019h\u00e9sitez pas \u00e0 les d\u00e9poser \u00e0 la boulangerie de La Meilleraye-de-Bretagne \u00e0 l\u2019attention de Louis Bry. Ou \u00e0 les lui remettre en mains propres, si jamais vous le croisez sur les routes\u2026<\/p>\n<p>Si Louis le fait \u00e0 96 ans, pourquoi pas vous?<\/p>\n<p>Source: <a href=\"https:\/\/actu.fr\/pays-de-la-loire\/la-meilleraye-de-bretagne_44095\/loire-atlantique-a-96-ans-louis-fait-encore-4%E2%80%89000-km-a-velo-par-an%E2%80%89_47177372.html\" rel=\"noopener\" target=\"_blank\">L&rsquo;\u00c9claireur de Ch\u00e2teaubriant<\/a><\/p>\n","protected":false},"excerpt":{"rendered":"<p>Apr\u00e8s Jacqueline, 90 ans et toujours \u00e0 v\u00e9lo, voici le portrait de Louis, 96 ans, qui fait encore 4000 kilom\u00e8tres \u00e0 v\u00e9lo par an&#8230;<\/p>\n","protected":false},"author":37,"featured_media":44257,"comment_status":"open","ping_status":"closed","sticky":false,"template":"","format":"standard","meta":[],"categories":[4,7],"tags":[646,332,1000,1664],"views":9175,"_links":{"self":[{"href":"https:\/\/carfree.fr\/index.php\/wp-json\/wp\/v2\/posts\/44256"}],"collection":[{"href":"https:\/\/carfree.fr\/index.php\/wp-json\/wp\/v2\/posts"}],"about":[{"href":"https:\/\/carfree.fr\/index.php\/wp-json\/wp\/v2\/types\/post"}],"author":[{"embeddable":true,"href":"https:\/\/carfree.fr\/index.php\/wp-json\/wp\/v2\/users\/37"}],"replies":[{"embeddable":true,"href":"https:\/\/carfree.fr\/index.php\/wp-json\/wp\/v2\/comments?post=44256"}],"version-history":[{"count":0,"href":"https:\/\/carfree.fr\/index.php\/wp-json\/wp\/v2\/posts\/44256\/revisions"}],"wp:featuredmedia":[{"embeddable":true,"href":"https:\/\/carfree.fr\/index.php\/wp-json\/wp\/v2\/media\/44257"}],"wp:attachment":[{"href":"https:\/\/carfree.fr\/index.php\/wp-json\/wp\/v2\/media?parent=44256"}],"wp:term":[{"taxonomy":"category","embeddable":true,"href":"https:\/\/carfree.fr\/index.php\/wp-json\/wp\/v2\/categories?post=44256"},{"taxonomy":"post_tag","embeddable":true,"href":"https:\/\/carfree.fr\/index.php\/wp-json\/wp\/v2\/tags?post=44256"}],"curies":[{"name":"wp","href":"https:\/\/api.w.org\/{rel}","templated":true}]}}