{"id":44282,"date":"2022-01-25T08:59:02","date_gmt":"2022-01-25T07:59:02","guid":{"rendered":"http:\/\/carfree.fr\/?p=44282"},"modified":"2022-01-25T08:59:02","modified_gmt":"2022-01-25T07:59:02","slug":"mobilite-ca-roule-pour-les-riches","status":"publish","type":"post","link":"https:\/\/carfree.fr\/index.php\/2022\/01\/25\/mobilite-ca-roule-pour-les-riches\/","title":{"rendered":"Mobilit\u00e9 : \u00e7a roule pour les riches"},"content":{"rendered":"<p>Sans surprise, plus on est riche et plus on est motoris\u00e9. Dis-moi combien tu gagnes et je te dirai combien tu avales de kilom\u00e8tres en voiture, \u00e0 v\u00e9lo, en scooter ou en avion. Une \u00e9tude du minist\u00e8re de la transition \u00e9cologique remet les cadrans \u00e0 l\u2019heure. <!--more--><\/p>\n<p>\u00ab <em>Le mod\u00e8le du pavillon avec jardin n\u2019est pas soutenable et nous m\u00e8ne \u00e0 une impasse<\/em>. \u00bb En octobre dernier, la d\u00e9claration de la ministre du Logement, d\u00e9non\u00e7ant le \u00ab <em>non-sens, \u00e9cologique, \u00e9conomique et social<\/em> \u00bb de ces territoires \u00ab <em>d\u00e9pendant de plus en plus de la voiture individuelle<\/em> \u00bb, n\u2019a pas manqu\u00e9 de provoquer une onde de choc qui s\u2019est propag\u00e9e des centres-villes jusque dans les grandes couronnes.<\/p>\n<p>Emmanuelle Wargon a ensuite tent\u00e9 de d\u00e9samorcer la pol\u00e9mique qui s\u2019en est ensuivie, mais sa prise de position a contribu\u00e9 \u00e0 renforcer une id\u00e9e bien ancr\u00e9e: les banlieusards, comprendre les m\u00e9nages qui n\u2019ont pas les moyens de s\u2019offrir des m\u00e8tres carr\u00e9s en m\u00e9tropole, prennent davantage leur voiture polluante pour circuler, alors que les urbains, traduire les bobos et les plus riches, prennent leur v\u00e9lotaf \u00e9lectrique pour aller bosser (tout en faisant la le\u00e7on aux m\u00e9chants pollueurs du p\u00e9riurbain). La caricature tient-elle la route?<\/p>\n<p>Le minist\u00e8re de la Transition \u00e9cologique, qui a publi\u00e9 en d\u00e9cembre dernier les r\u00e9sultats complets de l\u2019\u00ab <a href=\"https:\/\/www.statistiques.developpement-durable.gouv.fr\/resultats-detailles-de-lenquete-mobilite-des-personnes-de-2019\" rel=\"noopener\" target=\"_blank\">Enqu\u00eate mobilit\u00e9 des personnes<\/a> \u00bb de 2019, livre une lecture tr\u00e8s instructive de nos d\u00e9placements et bat en br\u00e8che quelques clich\u00e9s. Elle s\u2019inscrit dans le cadre des grandes enqu\u00eates nationales r\u00e9alis\u00e9es environ tous les dix ans (les derni\u00e8res \u00e9ditions dataient de 2008, 1994 et 1982) qui permettent de mesurer la mobilit\u00e9 des Fran\u00e7ais et de la comparer au cours du temps. La conclusion que l\u2019on peut tirer de ces chiffres est sans appel: la mobilit\u00e9 des Fran\u00e7ais, et notamment leur utilisation de la voiture, pr\u00e9sente de fortes in\u00e9galit\u00e9s\u2026 Mais ce ne sont pas toujours celles qu\u2019on imagine. D\u00e9monstration en quatre points.<\/p>\n<p><strong>Plus on est riche, moins on m\u00e9nage sa monture<\/strong><\/p>\n<p>Qui poss\u00e8de les belles cylindr\u00e9es et autres SUV des publicit\u00e9s sur papier glac\u00e9? Le taux de motorisation des automobilistes est proportionnel \u00e0 leur revenu: plus on est riche et plus on poss\u00e8de de voitures. Et il n\u2019y a pas eu d\u2019\u00e9volution notable entre 2008 et 2019. Les m\u00e9nages des d\u00e9ciles sup\u00e9rieurs ont un taux de motorisation deux fois plus \u00e9lev\u00e9 que les foyers du 1er d\u00e9cile. Par ailleurs, il a l\u00e9g\u00e8rement augment\u00e9 pour tous les m\u00e9nages, sauf ceux du 10e d\u00e9cile (les 10 % les plus riches) pour lesquels une l\u00e9g\u00e8re baisse semble s\u2019amorcer.<\/p>\n<p>L&rsquo;article complet (payant) est disponible ici:<br \/>\n<a href=\"https:\/\/www.alternatives-economiques.fr\/mobilite-ca-roule-riches\/00101860\" rel=\"noopener\" target=\"_blank\">https:\/\/www.alternatives-economiques.fr\/mobilite-ca-roule-riches\/00101860<\/a><\/p>\n","protected":false},"excerpt":{"rendered":"<p>Sans surprise, plus on est riche et plus on est motoris\u00e9. Dis-moi combien tu gagnes et je te dirai combien tu avales de kilom\u00e8tres en voiture, \u00e0 v\u00e9lo, en scooter <a class=\"more-link\" href=\"https:\/\/carfree.fr\/index.php\/2022\/01\/25\/mobilite-ca-roule-pour-les-riches\/\">Lire la suite&#8230;<\/a><\/p>\n","protected":false},"author":1390,"featured_media":44284,"comment_status":"open","ping_status":"closed","sticky":false,"template":"","format":"standard","meta":[],"categories":[73],"tags":[138,1787,134,206,19,214,1792],"views":6507,"_links":{"self":[{"href":"https:\/\/carfree.fr\/index.php\/wp-json\/wp\/v2\/posts\/44282"}],"collection":[{"href":"https:\/\/carfree.fr\/index.php\/wp-json\/wp\/v2\/posts"}],"about":[{"href":"https:\/\/carfree.fr\/index.php\/wp-json\/wp\/v2\/types\/post"}],"author":[{"embeddable":true,"href":"https:\/\/carfree.fr\/index.php\/wp-json\/wp\/v2\/users\/1390"}],"replies":[{"embeddable":true,"href":"https:\/\/carfree.fr\/index.php\/wp-json\/wp\/v2\/comments?post=44282"}],"version-history":[{"count":0,"href":"https:\/\/carfree.fr\/index.php\/wp-json\/wp\/v2\/posts\/44282\/revisions"}],"wp:featuredmedia":[{"embeddable":true,"href":"https:\/\/carfree.fr\/index.php\/wp-json\/wp\/v2\/media\/44284"}],"wp:attachment":[{"href":"https:\/\/carfree.fr\/index.php\/wp-json\/wp\/v2\/media?parent=44282"}],"wp:term":[{"taxonomy":"category","embeddable":true,"href":"https:\/\/carfree.fr\/index.php\/wp-json\/wp\/v2\/categories?post=44282"},{"taxonomy":"post_tag","embeddable":true,"href":"https:\/\/carfree.fr\/index.php\/wp-json\/wp\/v2\/tags?post=44282"}],"curies":[{"name":"wp","href":"https:\/\/api.w.org\/{rel}","templated":true}]}}