{"id":44297,"date":"2022-02-02T09:37:11","date_gmt":"2022-02-02T08:37:11","guid":{"rendered":"http:\/\/carfree.fr\/?p=44297"},"modified":"2022-02-03T09:15:26","modified_gmt":"2022-02-03T08:15:26","slug":"voitures-et-cigarettes","status":"publish","type":"post","link":"https:\/\/carfree.fr\/index.php\/2022\/02\/02\/voitures-et-cigarettes\/","title":{"rendered":"Voitures et cigarettes"},"content":{"rendered":"<p>Une bo\u00eete m\u00e9tallique co\u00fbteuse et hautement sophistiqu\u00e9e et quelques feuilles s\u00e9ch\u00e9es envelopp\u00e9es dans du papier blanc. \u00c0 premi\u00e8re vue, elles n&rsquo;ont pas grand-chose en commun. Mais quand on r\u00e9fl\u00e9chit \u00e0 la nature de la voiture et de la cigarette, et \u00e0 leur \u00e9volution historique, les parall\u00e8les sont remarquables. <!--more--><\/p>\n<p>Ce sont toutes deux des r\u00e9ussites marketing ph\u00e9nom\u00e9nales du 20e si\u00e8cle. Sans doute les deux plus grandes. Et si elles sont toutes deux confront\u00e9es \u00e0 des d\u00e9fis sur leurs march\u00e9s traditionnels, elles se d\u00e9veloppent rapidement sur de nouveaux territoires.<\/p>\n<p>Au d\u00e9part, elles semblaient toutes deux \u00eatre des signes inoffensifs d&rsquo;une \u00e9conomie prosp\u00e8re, des ic\u00f4nes de la bonne vie et des raisons de se d\u00e9tendre et d&rsquo;\u00eatre optimiste.<\/p>\n<p>Et elles font toutes deux appel \u00e0 notre image de soi autant qu&rsquo;\u00e0 un quelconque avantage physique.<\/p>\n<p>En fait, cette emprise sur la psych\u00e9 du consommateur, l&rsquo;alignement du produit sur l&rsquo;identit\u00e9 personnelle, est un facteur cl\u00e9 de la croissance et de la long\u00e9vit\u00e9 des voitures et des cigarettes.<\/p>\n<blockquote><p>\u00ab\u00a0<em>Quelle que soit l&rsquo;intention individuelle, l&rsquo;acte de fumer reste une d\u00e9claration symbolique d&rsquo;identit\u00e9 personnelle&#8230;<\/em>\u00a0\u00bb<br \/>\nTom Osdene, ancien directeur de la recherche d&rsquo;une division de Philip Morris\n<\/p><\/blockquote>\n<blockquote><p>\u00ab\u00a0<em>Les gens se reconnaissent dans leurs marchandises, ils trouvent leur \u00e2me dans leur automobile&#8230;<\/em>\u00a0\u00bb<br \/>\nHerbert Marcuse \u00ab\u00a0L&rsquo;homme unidimensionnel\u00a0\u00bb 1964<\/p><\/blockquote>\n<p>Si l&rsquo;on identifie si \u00e9troitement son propre \u00eatre \u00e0 un produit, presque n&rsquo;importe quel co\u00fbt vaut la peine d&rsquo;\u00eatre pay\u00e9 pour le consommer. Ainsi, les vagues d&rsquo;arguments rationnels contre le tabagisme se sont \u00e9cras\u00e9es pendant des ann\u00e9es sur les rochers inamovibles de l&rsquo;ego, apparemment sans aucun effet. Il semblait que nous fumerions toujours.<\/p>\n<p>Mais finalement, le littoral a commenc\u00e9 \u00e0 c\u00e9der sous la pression incessante. D&rsquo;abord, les principaux faiseurs d&rsquo;opinion ont accept\u00e9 que le tabagisme de masse \u00e9tait un mauvais tournant pour l&rsquo;humanit\u00e9. Une voie sans issue.<\/p>\n<p>Ensuite, la publicit\u00e9 pour les cigarettes a commenc\u00e9 \u00e0 \u00eatre restreinte, ce qui a permis de desserrer l&#8217;emprise des fabricants de tabac sur les m\u00e9dias; des changements sociaux majeurs ont rapidement suivi. Le tabagisme a \u00e9t\u00e9 interdit volontairement dans un nombre croissant de lieux de travail. Puis, par voie l\u00e9gislative, dans tous les lieux publics. Il reste encore beaucoup de chemin \u00e0 parcourir, mais l&rsquo;industrie du tabac est enfin en fuite dans les pays les plus industrialis\u00e9s.<\/p>\n<p>En fait, tout cela s&rsquo;est produit tr\u00e8s rapidement, en 25 ans environ. Et le changement sera encore plus rapide avec l&rsquo;industrie automobile. En partie parce qu&rsquo;il y a beaucoup plus de pressions, pas seulement en mati\u00e8re de sant\u00e9 publique, qui poussent dans la m\u00eame direction. Et en partie parce que les technologies de communication permettent aux id\u00e9es de se propager beaucoup plus rapidement.<\/p>\n<p>La seule le\u00e7on que nous pouvons tirer de l&rsquo;affaire du tabac est peut-\u00eatre le point de basculement crucial qui est d\u00e9sormais atteint <a href=\"http:\/\/carfree.fr\/index.php\/2022\/01\/06\/sedeplacermoinspolluer\/\" rel=\"noopener\" target=\"_blank\">avec le d\u00e9but des restrictions sur la publicit\u00e9 automobile<\/a>.<\/p>\n<p>L&rsquo;interdiction compl\u00e8te de la publicit\u00e9 pour les voitures, prochaine \u00e9tape, aura un triple impact: elle signalera qu&rsquo;elles ne sont plus consid\u00e9r\u00e9es comme un moyen de transport durable, elle modifiera fondamentalement la relation des m\u00e9dias avec l&rsquo;industrie automobile et elle commencera \u00e0 d\u00e9tacher les gens de la notion absurde selon laquelle nous sommes d\u00e9finis par nos voitures.<\/p>\n<p>Nous pouvons \u00eatre tellement plus.<\/p>\n","protected":false},"excerpt":{"rendered":"<p>Une bo\u00eete m\u00e9tallique co\u00fbteuse et hautement sophistiqu\u00e9e et quelques feuilles s\u00e9ch\u00e9es envelopp\u00e9es dans du papier blanc. \u00c0 premi\u00e8re vue, elles n&rsquo;ont pas grand-chose en commun. Mais quand on r\u00e9fl\u00e9chit \u00e0 <a class=\"more-link\" href=\"https:\/\/carfree.fr\/index.php\/2022\/02\/02\/voitures-et-cigarettes\/\">Lire la suite&#8230;<\/a><\/p>\n","protected":false},"author":3,"featured_media":44298,"comment_status":"open","ping_status":"closed","sticky":false,"template":"","format":"standard","meta":[],"categories":[73],"tags":[11,132,288,81,87,845,86,19],"views":6729,"_links":{"self":[{"href":"https:\/\/carfree.fr\/index.php\/wp-json\/wp\/v2\/posts\/44297"}],"collection":[{"href":"https:\/\/carfree.fr\/index.php\/wp-json\/wp\/v2\/posts"}],"about":[{"href":"https:\/\/carfree.fr\/index.php\/wp-json\/wp\/v2\/types\/post"}],"author":[{"embeddable":true,"href":"https:\/\/carfree.fr\/index.php\/wp-json\/wp\/v2\/users\/3"}],"replies":[{"embeddable":true,"href":"https:\/\/carfree.fr\/index.php\/wp-json\/wp\/v2\/comments?post=44297"}],"version-history":[{"count":0,"href":"https:\/\/carfree.fr\/index.php\/wp-json\/wp\/v2\/posts\/44297\/revisions"}],"wp:featuredmedia":[{"embeddable":true,"href":"https:\/\/carfree.fr\/index.php\/wp-json\/wp\/v2\/media\/44298"}],"wp:attachment":[{"href":"https:\/\/carfree.fr\/index.php\/wp-json\/wp\/v2\/media?parent=44297"}],"wp:term":[{"taxonomy":"category","embeddable":true,"href":"https:\/\/carfree.fr\/index.php\/wp-json\/wp\/v2\/categories?post=44297"},{"taxonomy":"post_tag","embeddable":true,"href":"https:\/\/carfree.fr\/index.php\/wp-json\/wp\/v2\/tags?post=44297"}],"curies":[{"name":"wp","href":"https:\/\/api.w.org\/{rel}","templated":true}]}}