{"id":44417,"date":"2022-04-04T08:21:28","date_gmt":"2022-04-04T07:21:28","guid":{"rendered":"http:\/\/carfree.fr\/?p=44417"},"modified":"2022-04-04T08:21:28","modified_gmt":"2022-04-04T07:21:28","slug":"les-chiens-autophobes","status":"publish","type":"post","link":"https:\/\/carfree.fr\/index.php\/2022\/04\/04\/les-chiens-autophobes\/","title":{"rendered":"Les chiens autophobes"},"content":{"rendered":"<p>Dans cet article du 15 novembre 1934 tir\u00e9 de la revue \u00ab\u00a0<em>La Pratique automobile vulgaris\u00e9e<\/em>\u00ab\u00a0, on nous parle des \u00ab\u00a0<em>chiens autophobes.<\/em>\u00a0\u00bb\u00a0<!--more--><\/p>\n<p>Du docteur Bommier, dans <em>Le Moteur<\/em>, ces lignes exactes: \u00ab\u00a0<em>Il existait jadis plus qu\u2019aujourd\u2019hui une vari\u00e9t\u00e9 de \u00ab cabots \u00bb qui d\u00e9testaient cordialement l\u2019automobile. La vue d\u2019une automobile mettait ces cabots dans une rage folle et ils se pr\u00e9cipitaient sur les roues la gueule mena\u00e7ante. Quand ils rataient leur man\u0153uvre, ils roulaient sous l&rsquo;auto et succombaient ou se faisaient casser une patte. J\u2019ai connu un chien qui, perclus, ressoud\u00e9 de tous les c\u00f4t\u00e9s, n\u2019avait rien abdiqu\u00e9 de sa haine qui subsistait sur trois pattes. Il est de toute \u00e9vidence que de tels ph\u00e9nom\u00e8nes ne justifient aucune pr\u00e9caution sp\u00e9ciale et que, par contre, c\u2019est le propri\u00e9taire du chien qui assume une incontestable responsabilit\u00e9.<\/em>\u00a0\u00bb<\/p>\n<p>Nous ajouterons que non seulement de tels animaux ne justifient, du point de vue de leur s\u00e9curit\u00e9, aucune pr\u00e9caution sp\u00e9ciale de la part de l&rsquo;automobiliste, mais qu&rsquo;il serait souhaitable, pour la collectivit\u00e9, qu&rsquo;il leur casse d\u00e9finitivement les reins. Mais, le diable, c&rsquo;est que ce sont les siens qui courent aussi des risques, car l\u2019\u00e9crasement d\u2019un animal de la taille d\u2019un chien, \u00e0 80 \u00e0 l\u2019heure ou mieux, est aussi dangereux pour l&rsquo;automobiliste que pour l\u2019animal. J\u2019ai connu un conducteur qui, \u00e0 ce point de vue, \u00e9tait d\u2019une adresse particuli\u00e8re. Il avait fait la remarque qui tous nous a frapp\u00e9s: c\u2019est qu\u2019un chien autophobe poursuit l\u2019auto qu\u2019il a attaqu\u00e9e aussi longtemps qu\u2019il le peut. Alors le conducteur en question, apr\u00e8s avoir \u00e9vit\u00e9 l\u2019agresseur, ralentissait pour se laisser accompagner, puis quand le chien \u00e9tait dans une position favorable, et que la vitesse n\u2019\u00e9tait plus dangereuse, d\u2019un brusque coup de volant, il lui passait dessus.<\/p>\n<p><a href=\"https:\/\/gallica.bnf.fr\/ark:\/12148\/bpt6k53230110\/f1.item\" target=\"_blank\" rel=\"noopener\">La Pratique automobile vulgaris\u00e9e<\/a> \/ dir. Mortimer-M\u00e9gret, 15 novembre 1934.<\/p>\n","protected":false},"excerpt":{"rendered":"<p>Dans cet article du 15 novembre 1934 tir\u00e9 de la revue \u00ab\u00a0La Pratique automobile vulgaris\u00e9e\u00ab\u00a0, on nous parle des \u00ab\u00a0chiens autophobes.\u00a0\u00bb\u00a0<\/p>\n","protected":false},"author":1662,"featured_media":44420,"comment_status":"open","ping_status":"closed","sticky":false,"template":"","format":"standard","meta":[],"categories":[73,1038],"tags":[996,286,198,846,178],"views":4899,"_links":{"self":[{"href":"https:\/\/carfree.fr\/index.php\/wp-json\/wp\/v2\/posts\/44417"}],"collection":[{"href":"https:\/\/carfree.fr\/index.php\/wp-json\/wp\/v2\/posts"}],"about":[{"href":"https:\/\/carfree.fr\/index.php\/wp-json\/wp\/v2\/types\/post"}],"author":[{"embeddable":true,"href":"https:\/\/carfree.fr\/index.php\/wp-json\/wp\/v2\/users\/1662"}],"replies":[{"embeddable":true,"href":"https:\/\/carfree.fr\/index.php\/wp-json\/wp\/v2\/comments?post=44417"}],"version-history":[{"count":0,"href":"https:\/\/carfree.fr\/index.php\/wp-json\/wp\/v2\/posts\/44417\/revisions"}],"wp:featuredmedia":[{"embeddable":true,"href":"https:\/\/carfree.fr\/index.php\/wp-json\/wp\/v2\/media\/44420"}],"wp:attachment":[{"href":"https:\/\/carfree.fr\/index.php\/wp-json\/wp\/v2\/media?parent=44417"}],"wp:term":[{"taxonomy":"category","embeddable":true,"href":"https:\/\/carfree.fr\/index.php\/wp-json\/wp\/v2\/categories?post=44417"},{"taxonomy":"post_tag","embeddable":true,"href":"https:\/\/carfree.fr\/index.php\/wp-json\/wp\/v2\/tags?post=44417"}],"curies":[{"name":"wp","href":"https:\/\/api.w.org\/{rel}","templated":true}]}}