{"id":44441,"date":"2022-04-01T08:47:59","date_gmt":"2022-04-01T07:47:59","guid":{"rendered":"http:\/\/carfree.fr\/?p=44441"},"modified":"2022-04-01T08:49:27","modified_gmt":"2022-04-01T07:49:27","slug":"le-velo-a-avignon","status":"publish","type":"post","link":"https:\/\/carfree.fr\/index.php\/2022\/04\/01\/le-velo-a-avignon\/","title":{"rendered":"Le v\u00e9lo \u00e0 Avignon"},"content":{"rendered":"<p>Dans la r\u00e9gion d\u2019Avignon, on se d\u00e9place peu \u00e0 v\u00e9lo. Et pourtant, le climat y est favorable toute l\u2019ann\u00e9e et le v\u00e9lo a tellement d\u2019avantages: il n\u2019est pas bruyant, il ne pollue pas, il n\u2019\u00e9met pas de gaz \u00e0 effet de serre, il permet de garder une bonne sant\u00e9\u2026 Alors, pourquoi a-t-on si peu de d\u00e9placements \u00e0 v\u00e9lo dans l\u2019agglom\u00e9ration? La raison est simple, c\u2019est trop dangereux pour une bonne partie des gens. <!--more--><\/p>\n<p>Le collectif de citoyens avignonnais nomm\u00e9 <a href=\"https:\/\/www.facebook.com\/WOCON-105880598382448\/\" rel=\"noopener\" target=\"_blank\">Wocon!<\/a> essaye de contribuer au passage au monde d&rsquo;apr\u00e8s&#8230; apr\u00e8s les \u00e9nergies fossiles et la destruction \u00e0 grande \u00e9chelle de notre propre \u00e9cosyst\u00e8me. Pour cela, il r\u00e9alise des vid\u00e9os comme celle-ci consacr\u00e9e \u00e0 la place du v\u00e9lo \u00e0 Avignon.<\/p>\n<p>A Avignon, on se d\u00e9place peu \u00e0 v\u00e9lo, seulement 3% des trajets quotidiens sont r\u00e9alis\u00e9s \u00e0 v\u00e9lo. Et pourtant, Avignon \u00e9tait la capitale fran\u00e7aise du v\u00e9lo dans les ann\u00e9es 1980: plus de 16% des d\u00e9placements \u00e9taient r\u00e9alis\u00e9s \u00e0 v\u00e9lo.<\/p>\n<p>Aujourd&rsquo;hui, la voiture est d\u00e9sormais omnipr\u00e9sente et les quelques am\u00e9nagements cyclables sont trop peu nombreux, dangereux et surtout discontinus. Ceux qui utilisent quand m\u00eame le v\u00e9lo se sentent en danger et les \u00e9lus sont responsables de cette situation.<\/p>\n<p>Alors, face \u00e0 ce constat, le collectif Wocon! a men\u00e9 son enqu\u00eate et propose dans cette vid\u00e9o fortement document\u00e9e non pas une solution mais un R\u00e9seau Express V\u00e9lo (REV). Et bien \u00e9videmment, un panel d\u2019actions pour que le REV devienne r\u00e9alit\u00e9 !<\/p>\n<p><iframe loading=\"lazy\" width=\"800\" height=\"450\" src=\"https:\/\/www.youtube.com\/embed\/aU0_FMjWE-M?feature=oembed\" frameborder=\"0\" allow=\"accelerometer; autoplay; clipboard-write; encrypted-media; gyroscope; picture-in-picture\" allowfullscreen><\/iframe><\/p>\n","protected":false},"excerpt":{"rendered":"<p>Dans la r\u00e9gion d\u2019Avignon, on se d\u00e9place peu \u00e0 v\u00e9lo. Et pourtant, le climat y est favorable toute l\u2019ann\u00e9e et le v\u00e9lo a tellement d\u2019avantages: il n\u2019est pas bruyant, il <a class=\"more-link\" href=\"https:\/\/carfree.fr\/index.php\/2022\/04\/01\/le-velo-a-avignon\/\">Lire la suite&#8230;<\/a><\/p>\n","protected":false},"author":37,"featured_media":44442,"comment_status":"open","ping_status":"closed","sticky":false,"template":"","format":"standard","meta":[],"categories":[4,7],"tags":[450,11,158,743,1664,648],"views":6215,"_links":{"self":[{"href":"https:\/\/carfree.fr\/index.php\/wp-json\/wp\/v2\/posts\/44441"}],"collection":[{"href":"https:\/\/carfree.fr\/index.php\/wp-json\/wp\/v2\/posts"}],"about":[{"href":"https:\/\/carfree.fr\/index.php\/wp-json\/wp\/v2\/types\/post"}],"author":[{"embeddable":true,"href":"https:\/\/carfree.fr\/index.php\/wp-json\/wp\/v2\/users\/37"}],"replies":[{"embeddable":true,"href":"https:\/\/carfree.fr\/index.php\/wp-json\/wp\/v2\/comments?post=44441"}],"version-history":[{"count":0,"href":"https:\/\/carfree.fr\/index.php\/wp-json\/wp\/v2\/posts\/44441\/revisions"}],"wp:featuredmedia":[{"embeddable":true,"href":"https:\/\/carfree.fr\/index.php\/wp-json\/wp\/v2\/media\/44442"}],"wp:attachment":[{"href":"https:\/\/carfree.fr\/index.php\/wp-json\/wp\/v2\/media?parent=44441"}],"wp:term":[{"taxonomy":"category","embeddable":true,"href":"https:\/\/carfree.fr\/index.php\/wp-json\/wp\/v2\/categories?post=44441"},{"taxonomy":"post_tag","embeddable":true,"href":"https:\/\/carfree.fr\/index.php\/wp-json\/wp\/v2\/tags?post=44441"}],"curies":[{"name":"wp","href":"https:\/\/api.w.org\/{rel}","templated":true}]}}