{"id":44478,"date":"2022-04-28T08:39:27","date_gmt":"2022-04-28T07:39:27","guid":{"rendered":"http:\/\/carfree.fr\/?p=44478"},"modified":"2022-04-28T08:39:27","modified_gmt":"2022-04-28T07:39:27","slug":"auto-critique-2","status":"publish","type":"post","link":"https:\/\/carfree.fr\/index.php\/2022\/04\/28\/auto-critique-2\/","title":{"rendered":"Auto-critique"},"content":{"rendered":"<p>Dans cette \u00e9mission de l&rsquo;Office national de radiodiffusion t\u00e9l\u00e9vision fran\u00e7aise de 1969, il est question d\u00e9j\u00e0 de la \u00ab\u00a0passion\u00a0\u00bb automobile affectant certains, et en particulier de ses cons\u00e9quences (soci\u00e9t\u00e9 de consommation, agressivit\u00e9, volont\u00e9 de puissance, etc.). <!--more--><\/p>\n<p>Panorama \u00e9tait une \u00e9mission t\u00e9l\u00e9vis\u00e9e d&rsquo;enqu\u00eate et de reportages diffus\u00e9e tous les vendredis soir par l&rsquo;ORTF \u00e0 20 heures 30 apr\u00e8s le journal d&rsquo;actualit\u00e9s de 20 heures.<\/p>\n<p>Dans <a href=\"https:\/\/www.ina.fr\/ina-eclaire-actu\/video\/caf86015339\/auto-critique\" rel=\"noopener\" target=\"_blank\">cet \u00e9pisode de 1969<\/a> disponible sur le site de l&rsquo;Institut national de l&rsquo;audiovisuel, on apprend qu&rsquo;\u00e0 la fin des ann\u00e9es 1960, il y avait 214 millions d&rsquo;automobilistes dans le monde et 13 millions en France, \u00e0 comparer aux fumeux \u00ab\u00a040 millions d&rsquo;automobilistes\u00a0\u00bb d&rsquo;aujourd&rsquo;hui&#8230;<\/p>\n<p>Au cours du reportage, on voit une automobiliste exc\u00e9d\u00e9e par la conduite des autres automobilistes d\u00e9clarer qu&rsquo;elle envisage d&rsquo;acheter un tank si l&rsquo;arm\u00e9e fait des soldes&#8230; 50 ans plus tard, les tanks circulent librement dans les rues sous forme de 4X4 ou autres SUV&#8230;<\/p>\n<p>Source: <a href=\"https:\/\/www.ina.fr\/ina-eclaire-actu\/video\/caf86015339\/auto-critique\" rel=\"noopener\" target=\"_blank\">Institut national de l&rsquo;audiovisuel<\/a><\/p>\n","protected":false},"excerpt":{"rendered":"<p>Dans cette \u00e9mission de l&rsquo;Office national de radiodiffusion t\u00e9l\u00e9vision fran\u00e7aise de 1969, il est question d\u00e9j\u00e0 de la \u00ab\u00a0passion\u00a0\u00bb automobile affectant certains, et en particulier de ses cons\u00e9quences (soci\u00e9t\u00e9 de <a class=\"more-link\" href=\"https:\/\/carfree.fr\/index.php\/2022\/04\/28\/auto-critique-2\/\">Lire la suite&#8230;<\/a><\/p>\n","protected":false},"author":3,"featured_media":44479,"comment_status":"open","ping_status":"closed","sticky":false,"template":"","format":"standard","meta":[],"categories":[73],"tags":[551,224,188,198,648],"views":4544,"_links":{"self":[{"href":"https:\/\/carfree.fr\/index.php\/wp-json\/wp\/v2\/posts\/44478"}],"collection":[{"href":"https:\/\/carfree.fr\/index.php\/wp-json\/wp\/v2\/posts"}],"about":[{"href":"https:\/\/carfree.fr\/index.php\/wp-json\/wp\/v2\/types\/post"}],"author":[{"embeddable":true,"href":"https:\/\/carfree.fr\/index.php\/wp-json\/wp\/v2\/users\/3"}],"replies":[{"embeddable":true,"href":"https:\/\/carfree.fr\/index.php\/wp-json\/wp\/v2\/comments?post=44478"}],"version-history":[{"count":0,"href":"https:\/\/carfree.fr\/index.php\/wp-json\/wp\/v2\/posts\/44478\/revisions"}],"wp:featuredmedia":[{"embeddable":true,"href":"https:\/\/carfree.fr\/index.php\/wp-json\/wp\/v2\/media\/44479"}],"wp:attachment":[{"href":"https:\/\/carfree.fr\/index.php\/wp-json\/wp\/v2\/media?parent=44478"}],"wp:term":[{"taxonomy":"category","embeddable":true,"href":"https:\/\/carfree.fr\/index.php\/wp-json\/wp\/v2\/categories?post=44478"},{"taxonomy":"post_tag","embeddable":true,"href":"https:\/\/carfree.fr\/index.php\/wp-json\/wp\/v2\/tags?post=44478"}],"curies":[{"name":"wp","href":"https:\/\/api.w.org\/{rel}","templated":true}]}}