{"id":44526,"date":"2022-05-30T08:06:16","date_gmt":"2022-05-30T07:06:16","guid":{"rendered":"http:\/\/carfree.fr\/?p=44526"},"modified":"2022-05-30T08:06:16","modified_gmt":"2022-05-30T07:06:16","slug":"les-cyclistes-ils-roulent-au-milieu-de-la-route","status":"publish","type":"post","link":"https:\/\/carfree.fr\/index.php\/2022\/05\/30\/les-cyclistes-ils-roulent-au-milieu-de-la-route\/","title":{"rendered":"Les cyclistes, ils roulent au milieu de la route"},"content":{"rendered":"<p>Les Aventures de Totomobiliste constituent une mini-BD en plusieurs \u00e9pisodes r\u00e9alis\u00e9e par Leo Fabre. Totomobiliste est une source in\u00e9puisable d&rsquo;inspiration. Aujourd&rsquo;hui, l&rsquo;\u00e9pisode 5: \u00ab\u00a0Les cyclistes, ils roulent au milieu de la route\u00a0\u00bb <!--more--><\/p>\n<p><img decoding=\"async\" loading=\"lazy\" class=\"alignnone size-full wp-image-44527\" src=\"http:\/\/carfree.fr\/img\/2022\/05\/cyclistes.jpg\" alt=\"\" width=\"650\" height=\"754\" srcset=\"https:\/\/carfree.fr\/img\/2022\/05\/cyclistes.jpg 650w, https:\/\/carfree.fr\/img\/2022\/05\/cyclistes-552x640.jpg 552w\" sizes=\"(max-width: 650px) 100vw, 650px\" \/><br \/>\n<img decoding=\"async\" loading=\"lazy\" class=\"alignnone size-full wp-image-44528\" src=\"http:\/\/carfree.fr\/img\/2022\/05\/cyclistes2.jpg\" alt=\"\" width=\"650\" height=\"754\" srcset=\"https:\/\/carfree.fr\/img\/2022\/05\/cyclistes2.jpg 650w, https:\/\/carfree.fr\/img\/2022\/05\/cyclistes2-552x640.jpg 552w\" sizes=\"(max-width: 650px) 100vw, 650px\" \/><br \/>\n<img decoding=\"async\" loading=\"lazy\" class=\"alignnone size-full wp-image-44529\" src=\"http:\/\/carfree.fr\/img\/2022\/05\/cyclistes3.jpg\" alt=\"\" width=\"650\" height=\"754\" srcset=\"https:\/\/carfree.fr\/img\/2022\/05\/cyclistes3.jpg 650w, https:\/\/carfree.fr\/img\/2022\/05\/cyclistes3-552x640.jpg 552w\" sizes=\"(max-width: 650px) 100vw, 650px\" \/><br \/>\n<img decoding=\"async\" loading=\"lazy\" class=\"alignnone size-full wp-image-44530\" src=\"http:\/\/carfree.fr\/img\/2022\/05\/cyclistes4.jpg\" alt=\"\" width=\"650\" height=\"754\" srcset=\"https:\/\/carfree.fr\/img\/2022\/05\/cyclistes4.jpg 650w, https:\/\/carfree.fr\/img\/2022\/05\/cyclistes4-552x640.jpg 552w\" sizes=\"(max-width: 650px) 100vw, 650px\" \/><br \/>\n<img decoding=\"async\" loading=\"lazy\" class=\"alignnone size-full wp-image-44531\" src=\"http:\/\/carfree.fr\/img\/2022\/05\/cyclistes5.jpg\" alt=\"\" width=\"650\" height=\"754\" srcset=\"https:\/\/carfree.fr\/img\/2022\/05\/cyclistes5.jpg 650w, https:\/\/carfree.fr\/img\/2022\/05\/cyclistes5-552x640.jpg 552w\" sizes=\"(max-width: 650px) 100vw, 650px\" \/><br \/>\n<img decoding=\"async\" loading=\"lazy\" class=\"alignnone size-full wp-image-44532\" src=\"http:\/\/carfree.fr\/img\/2022\/05\/cyclistes6.jpg\" alt=\"\" width=\"650\" height=\"754\" srcset=\"https:\/\/carfree.fr\/img\/2022\/05\/cyclistes6.jpg 650w, https:\/\/carfree.fr\/img\/2022\/05\/cyclistes6-552x640.jpg 552w\" sizes=\"(max-width: 650px) 100vw, 650px\" \/><br \/>\n<img decoding=\"async\" loading=\"lazy\" class=\"alignnone size-full wp-image-44533\" src=\"http:\/\/carfree.fr\/img\/2022\/05\/cyclistes7.jpg\" alt=\"\" width=\"650\" height=\"754\" srcset=\"https:\/\/carfree.fr\/img\/2022\/05\/cyclistes7.jpg 650w, https:\/\/carfree.fr\/img\/2022\/05\/cyclistes7-552x640.jpg 552w\" sizes=\"(max-width: 650px) 100vw, 650px\" \/><br \/>\n<img decoding=\"async\" loading=\"lazy\" class=\"alignnone size-full wp-image-44534\" src=\"http:\/\/carfree.fr\/img\/2022\/05\/cyclistes8.jpg\" alt=\"\" width=\"650\" height=\"754\" srcset=\"https:\/\/carfree.fr\/img\/2022\/05\/cyclistes8.jpg 650w, https:\/\/carfree.fr\/img\/2022\/05\/cyclistes8-552x640.jpg 552w\" sizes=\"(max-width: 650px) 100vw, 650px\" \/><br \/>\n<img decoding=\"async\" loading=\"lazy\" class=\"alignnone size-full wp-image-44535\" src=\"http:\/\/carfree.fr\/img\/2022\/05\/cyclistes9.jpg\" alt=\"\" width=\"650\" height=\"754\" srcset=\"https:\/\/carfree.fr\/img\/2022\/05\/cyclistes9.jpg 650w, https:\/\/carfree.fr\/img\/2022\/05\/cyclistes9-552x640.jpg 552w\" sizes=\"(max-width: 650px) 100vw, 650px\" \/><br \/>\n<img decoding=\"async\" loading=\"lazy\" class=\"alignnone size-full wp-image-44536\" src=\"http:\/\/carfree.fr\/img\/2022\/05\/cyclistes10.jpg\" alt=\"\" width=\"650\" height=\"754\" srcset=\"https:\/\/carfree.fr\/img\/2022\/05\/cyclistes10.jpg 650w, https:\/\/carfree.fr\/img\/2022\/05\/cyclistes10-552x640.jpg 552w\" sizes=\"(max-width: 650px) 100vw, 650px\" \/><br \/>\n<img decoding=\"async\" loading=\"lazy\" class=\"alignnone size-full wp-image-44537\" src=\"http:\/\/carfree.fr\/img\/2022\/05\/cyclistes11.jpg\" alt=\"\" width=\"650\" height=\"754\" srcset=\"https:\/\/carfree.fr\/img\/2022\/05\/cyclistes11.jpg 650w, https:\/\/carfree.fr\/img\/2022\/05\/cyclistes11-552x640.jpg 552w\" sizes=\"(max-width: 650px) 100vw, 650px\" \/><br \/>\n<img decoding=\"async\" loading=\"lazy\" class=\"alignnone size-full wp-image-44538\" src=\"http:\/\/carfree.fr\/img\/2022\/05\/cyclistes12.jpg\" alt=\"\" width=\"650\" height=\"754\" srcset=\"https:\/\/carfree.fr\/img\/2022\/05\/cyclistes12.jpg 650w, https:\/\/carfree.fr\/img\/2022\/05\/cyclistes12-552x640.jpg 552w\" sizes=\"(max-width: 650px) 100vw, 650px\" \/><\/p>\n<p>Leo Fabre<br \/>\n<a href=\"https:\/\/twitter.com\/Leofabre12\" target=\"_blank\" rel=\"noopener\">https:\/\/twitter.com\/Leofabre12<\/a><br \/>\n<a href=\"https:\/\/www.instagram.com\/totomobiliste\/?hl=fr\" target=\"_blank\" rel=\"noopener\">https:\/\/www.instagram.com\/totomobiliste\/?hl=fr<\/a><\/p>\n","protected":false},"excerpt":{"rendered":"<p>Les Aventures de Totomobiliste constituent une mini-BD en plusieurs \u00e9pisodes r\u00e9alis\u00e9e par Leo Fabre. Totomobiliste est une source in\u00e9puisable d&rsquo;inspiration. Aujourd&rsquo;hui, l&rsquo;\u00e9pisode 5: \u00ab\u00a0Les cyclistes, ils roulent au milieu de <a class=\"more-link\" href=\"https:\/\/carfree.fr\/index.php\/2022\/05\/30\/les-cyclistes-ils-roulent-au-milieu-de-la-route\/\">Lire la suite&#8230;<\/a><\/p>\n","protected":false},"author":1695,"featured_media":44502,"comment_status":"open","ping_status":"closed","sticky":false,"template":"","format":"standard","meta":[],"categories":[4,73,1038,7],"tags":[551,285,646,191,1831,846,744,178,1664],"views":6111,"_links":{"self":[{"href":"https:\/\/carfree.fr\/index.php\/wp-json\/wp\/v2\/posts\/44526"}],"collection":[{"href":"https:\/\/carfree.fr\/index.php\/wp-json\/wp\/v2\/posts"}],"about":[{"href":"https:\/\/carfree.fr\/index.php\/wp-json\/wp\/v2\/types\/post"}],"author":[{"embeddable":true,"href":"https:\/\/carfree.fr\/index.php\/wp-json\/wp\/v2\/users\/1695"}],"replies":[{"embeddable":true,"href":"https:\/\/carfree.fr\/index.php\/wp-json\/wp\/v2\/comments?post=44526"}],"version-history":[{"count":0,"href":"https:\/\/carfree.fr\/index.php\/wp-json\/wp\/v2\/posts\/44526\/revisions"}],"wp:featuredmedia":[{"embeddable":true,"href":"https:\/\/carfree.fr\/index.php\/wp-json\/wp\/v2\/media\/44502"}],"wp:attachment":[{"href":"https:\/\/carfree.fr\/index.php\/wp-json\/wp\/v2\/media?parent=44526"}],"wp:term":[{"taxonomy":"category","embeddable":true,"href":"https:\/\/carfree.fr\/index.php\/wp-json\/wp\/v2\/categories?post=44526"},{"taxonomy":"post_tag","embeddable":true,"href":"https:\/\/carfree.fr\/index.php\/wp-json\/wp\/v2\/tags?post=44526"}],"curies":[{"name":"wp","href":"https:\/\/api.w.org\/{rel}","templated":true}]}}