{"id":44592,"date":"2022-05-10T08:39:28","date_gmt":"2022-05-10T07:39:28","guid":{"rendered":"http:\/\/carfree.fr\/?p=44592"},"modified":"2022-05-10T08:39:28","modified_gmt":"2022-05-10T07:39:28","slug":"contre-ecrou-5","status":"publish","type":"post","link":"https:\/\/carfree.fr\/index.php\/2022\/05\/10\/contre-ecrou-5\/","title":{"rendered":"Contre-\u00e9crou 5"},"content":{"rendered":"<p>Pour vous proposer ce cinqui\u00e8me opus du Contre-\u00e9crou, probablement le plus ambitieux \u00e0 ce jour, une \u00e9quipe r\u00e9unissant la fine fleur des contributeurs et artistes de la sph\u00e8re v\u00e9locip\u00e9dique a travaill\u00e9 dans l&rsquo;ombre pendant des mois en y mettant tout son c\u0153ur, \u00e9crivant, dessinant, copiant, collant sans rel\u00e2che pour vous permettre d&rsquo;acqu\u00e9rir pour un co\u00fbt modeste (on donne ce qu&rsquo;on veut au-del\u00e0 de 1 euro) ce pr\u00e9cieux fanzine. <!--more--><\/p>\n<p>Vous trouverez plein de choses passionnantes dans ce num\u00e9ro, comme la minute de Madame V\u00e9locip\u00e8de (clin d&rsquo;oeil \u00e0 Desproges), un texte sur la Horde de fer qui a remplac\u00e9 la Horde d&rsquo;or de Gengis Khan, une nouvelle de l&rsquo;auteur J\u00e9r\u00e9my Bouquin, une \u00e9vocation de la banane de Proust (pas de la madeleine) ainsi qu&rsquo;un micro-pamphlet contre les pistes cyclables.<\/p>\n<p>Bien s\u00fbr, il y a encore plein d&rsquo;autres choses, po\u00e8mes, dessins, BD, chroniques, publicit\u00e9s d\u00e9tourn\u00e9es, etc.<\/p>\n<p>Et en particulier, le premier \u00e9pisode d&rsquo;une BD intitul\u00e9e \u00ab\u00a0les chroniques de la cyclopostale\u00a0\u00bb, une oeuvre cyclo-dessin\u00e9e insolite et grandiose de qualit\u00e9 premium r\u00e9alis\u00e9e par Klum et Gramouski. Dans ce premier \u00e9pisode, vous d\u00e9couvrirez plein d&rsquo;insultes sympathiques \u00e0 utiliser au quotidien: \u00ab\u00a0suceur de roues, fils de pi\u00e9ton, moyeu gripp\u00e9 d&rsquo;ancien nazi bourreau d&rsquo;enfants, p\u00e9dalier asthmatique, rustine foireuse, trace de pneus BTWIN&#8230;\u00a0\u00bb<\/p>\n<p>A consommer sans mod\u00e9ration.<\/p>\n<p><a href=\"https:\/\/wiklou.org\/wiki\/Contre-\u00e9crou_(fanzine)\" rel=\"noopener\" target=\"_blank\">https:\/\/wiklou.org\/wiki\/Contre-\u00e9crou_(fanzine)<\/a><\/p>\n<p><em>Le prix de Contre-\u00e9crou est libre, on donne ce qu\u2019on veut \u00e0 partir du moment o\u00f9 cela d\u00e9passe 1 euro, le co\u00fbt de fabrication. Pour obtenir un num\u00e9ro et contacter Contre-\u00e9crou, c\u2019est ici: contre-ecrou at mailo.com<\/em><\/p>\n","protected":false},"excerpt":{"rendered":"<p>Pour vous proposer ce cinqui\u00e8me opus du Contre-\u00e9crou, probablement le plus ambitieux \u00e0 ce jour, une \u00e9quipe r\u00e9unissant la fine fleur des contributeurs et artistes de la sph\u00e8re v\u00e9locip\u00e9dique a <a class=\"more-link\" href=\"https:\/\/carfree.fr\/index.php\/2022\/05\/10\/contre-ecrou-5\/\">Lire la suite&#8230;<\/a><\/p>\n","protected":false},"author":168,"featured_media":44593,"comment_status":"open","ping_status":"closed","sticky":false,"template":"","format":"standard","meta":[],"categories":[4,7],"tags":[191,263,572,1664,113],"views":5048,"_links":{"self":[{"href":"https:\/\/carfree.fr\/index.php\/wp-json\/wp\/v2\/posts\/44592"}],"collection":[{"href":"https:\/\/carfree.fr\/index.php\/wp-json\/wp\/v2\/posts"}],"about":[{"href":"https:\/\/carfree.fr\/index.php\/wp-json\/wp\/v2\/types\/post"}],"author":[{"embeddable":true,"href":"https:\/\/carfree.fr\/index.php\/wp-json\/wp\/v2\/users\/168"}],"replies":[{"embeddable":true,"href":"https:\/\/carfree.fr\/index.php\/wp-json\/wp\/v2\/comments?post=44592"}],"version-history":[{"count":0,"href":"https:\/\/carfree.fr\/index.php\/wp-json\/wp\/v2\/posts\/44592\/revisions"}],"wp:featuredmedia":[{"embeddable":true,"href":"https:\/\/carfree.fr\/index.php\/wp-json\/wp\/v2\/media\/44593"}],"wp:attachment":[{"href":"https:\/\/carfree.fr\/index.php\/wp-json\/wp\/v2\/media?parent=44592"}],"wp:term":[{"taxonomy":"category","embeddable":true,"href":"https:\/\/carfree.fr\/index.php\/wp-json\/wp\/v2\/categories?post=44592"},{"taxonomy":"post_tag","embeddable":true,"href":"https:\/\/carfree.fr\/index.php\/wp-json\/wp\/v2\/tags?post=44592"}],"curies":[{"name":"wp","href":"https:\/\/api.w.org\/{rel}","templated":true}]}}