{"id":44658,"date":"2022-09-05T10:47:29","date_gmt":"2022-09-05T09:47:29","guid":{"rendered":"http:\/\/carfree.fr\/?p=44658"},"modified":"2025-03-19T20:01:33","modified_gmt":"2025-03-19T19:01:33","slug":"long-term-parking","status":"publish","type":"post","link":"https:\/\/carfree.fr\/index.php\/2022\/09\/05\/long-term-parking\/","title":{"rendered":"Long Term Parking"},"content":{"rendered":"<p>Long Term Parking est une \u0153uvre monumentale d&rsquo;art contemporain, \u00e9difi\u00e9e en 1982 par Arman au domaine du Montcel, ex-si\u00e8ge de la Fondation Cartier \u00e0 Jouy-en-Josas dans les Yvelines. Il s&rsquo;agit d&rsquo;une accumulation par empilement de 59 v\u00e9ritables carcasses d&rsquo;automobiles superpos\u00e9es les unes sur les autres, coul\u00e9es dans 1 600 tonnes de b\u00e9ton. <!--more--><\/p>\n<p><img decoding=\"async\" loading=\"lazy\" class=\"size-full wp-image-44662 alignleft\" src=\"http:\/\/carfree.fr\/img\/2022\/05\/arman.jpg\" alt=\"\" width=\"300\" height=\"624\" \/><\/p>\n<p>Arman (1928-2005) est un artiste franco-am\u00e9ricain, peintre, sculpteur et plasticien, principalement connu pour ses \u00ab\u00a0accumulations\u00a0\u00bb de toutes sortes d&rsquo;objets et de d\u00e9chets de la soci\u00e9t\u00e9 de consommation.<\/p>\n<p>Cette accumulation de voitures pr\u00e9sent\u00e9e comme un \u00ab\u00a0Parking \u00e0 long terme\u00a0\u00bb est haute de 19,60 m\u00e8tres et large de 6 m\u00e8tres (avec un socle de 15 \u00d7 8 m\u00e8tres). Elle contient 59 voitures qu\u2019Arman a repeintes apr\u00e8s qu&rsquo;elles aient \u00e9t\u00e9 d\u00e9gag\u00e9es en partie du b\u00e9ton, en choisissant leur couleur fluo en fonction de leur emplacement et des proportions r\u00e9alistes en circulation \u00e0 l&rsquo;\u00e9poque. L&rsquo;ensemble p\u00e8se 2 050 tonnes (dont 1 600 de b\u00e9ton).<\/p>\n<p>Sa construction a compt\u00e9 plus d&rsquo;un million de francs \u00e0 l&rsquo;\u00e9poque. Le m\u00e9c\u00e9nat de l&rsquo;\u0153uvre est d\u00fb au promoteur immobilier Jean Hamon. L&rsquo;inauguration a eu lieu en novembre 1982.<\/p>\n<p>Cette tour a \u00e9t\u00e9 l&rsquo;objet de controverses, \u00ab L&rsquo;association des amis de la vall\u00e9e de la Bi\u00e8vre \u00bb a men\u00e9 sans succ\u00e8s son auteur en justice pour la faire d\u00e9placer.<\/p>\n<p>Elle a \u00e9t\u00e9 inscrite au programme d&rsquo;arts plastiques facultatif pour le baccalaur\u00e9at en 2007, 2008 et 2009.<\/p>\n<p>Cette sculpture se dresse dans le parc tel un totem ou un \u00e9norme fossile, t\u00e9moin d&rsquo;une soci\u00e9t\u00e9 de consommation de masse.<\/p>\n<p>Il s&rsquo;agit d&rsquo;une \u0153uvre \u00e9volutive. D\u00e8s sa cr\u00e9ation, Arman souhaitait voir les pneus pourrir, les carrosseries rouiller et se d\u00e9sagr\u00e9ger. 40 ans apr\u00e8s sa cr\u00e9ation, le temps a fait son \u0153uvre, et certaines voitures sont bien endommag\u00e9es. La finalit\u00e9 de l&rsquo;\u0153uvre sera la disparition totale des voitures, laissant appara\u00eetre les emplacements vides dans le b\u00e9ton.<\/p>\n<p>Source: <a href=\"https:\/\/fr.wikipedia.org\/wiki\/Long_Term_Parking\" target=\"_blank\" rel=\"noopener\">https:\/\/fr.wikipedia.org\/wiki\/Long_Term_Parking<\/a><\/p>\n<p><em>Article repris dans\u00a0<a href=\"https:\/\/365galerie.wordpress.com\/2025\/03\/19\/carcrash\/\" target=\"_blank\" rel=\"noopener\">CarCrash<\/a>, une exposition virtuelle r\u00e9alis\u00e9e par <a href=\"https:\/\/365galerie.wordpress.com\/\">365Galerie<\/a>\u00a0en partenariat avec\u00a0<a href=\"https:\/\/carfree.fr\/\">Carfree France<\/a> sur le crash de l\u2019automobile dans nos vies, dans notre soci\u00e9t\u00e9 et sur notre plan\u00e8te.<\/em><\/p>\n","protected":false},"excerpt":{"rendered":"<p>Long Term Parking est une \u0153uvre monumentale d&rsquo;art contemporain, \u00e9difi\u00e9e en 1982 par Arman au domaine du Montcel, ex-si\u00e8ge de la Fondation Cartier \u00e0 Jouy-en-Josas dans les Yvelines. Il s&rsquo;agit <a class=\"more-link\" href=\"https:\/\/carfree.fr\/index.php\/2022\/09\/05\/long-term-parking\/\">Lire la suite&#8230;<\/a><\/p>\n","protected":false},"author":1390,"featured_media":44661,"comment_status":"open","ping_status":"closed","sticky":false,"template":"","format":"standard","meta":[],"categories":[73],"tags":[295,44,1828],"views":10195,"_links":{"self":[{"href":"https:\/\/carfree.fr\/index.php\/wp-json\/wp\/v2\/posts\/44658"}],"collection":[{"href":"https:\/\/carfree.fr\/index.php\/wp-json\/wp\/v2\/posts"}],"about":[{"href":"https:\/\/carfree.fr\/index.php\/wp-json\/wp\/v2\/types\/post"}],"author":[{"embeddable":true,"href":"https:\/\/carfree.fr\/index.php\/wp-json\/wp\/v2\/users\/1390"}],"replies":[{"embeddable":true,"href":"https:\/\/carfree.fr\/index.php\/wp-json\/wp\/v2\/comments?post=44658"}],"version-history":[{"count":0,"href":"https:\/\/carfree.fr\/index.php\/wp-json\/wp\/v2\/posts\/44658\/revisions"}],"wp:featuredmedia":[{"embeddable":true,"href":"https:\/\/carfree.fr\/index.php\/wp-json\/wp\/v2\/media\/44661"}],"wp:attachment":[{"href":"https:\/\/carfree.fr\/index.php\/wp-json\/wp\/v2\/media?parent=44658"}],"wp:term":[{"taxonomy":"category","embeddable":true,"href":"https:\/\/carfree.fr\/index.php\/wp-json\/wp\/v2\/categories?post=44658"},{"taxonomy":"post_tag","embeddable":true,"href":"https:\/\/carfree.fr\/index.php\/wp-json\/wp\/v2\/tags?post=44658"}],"curies":[{"name":"wp","href":"https:\/\/api.w.org\/{rel}","templated":true}]}}