{"id":44678,"date":"2022-05-18T09:10:39","date_gmt":"2022-05-18T08:10:39","guid":{"rendered":"http:\/\/carfree.fr\/?p=44678"},"modified":"2023-03-15T14:45:09","modified_gmt":"2023-03-15T13:45:09","slug":"le-ministre-des-transports-vend-des-bagnoles-a-hydrogene","status":"publish","type":"post","link":"https:\/\/carfree.fr\/index.php\/2022\/05\/18\/le-ministre-des-transports-vend-des-bagnoles-a-hydrogene\/","title":{"rendered":"Le ministre des transports vend des bagnoles \u00e0 hydrog\u00e8ne"},"content":{"rendered":"<p>Si vous doutiez encore des liens incestueux entre politique et secteur automobile, le pantouflage annonc\u00e9 du ministre des transports Jean-Baptiste Djebbari chez un constructeur de voitures \u00e0 hydrog\u00e8ne l\u00e8ve d\u00e9finitivement le doute. Le 16 mai 2022, soit la veille de la d\u00e9signation de la nouvelle Premi\u00e8re Ministre Elisabeth Borne, la soci\u00e9t\u00e9 Hopium (!) a publi\u00e9 un communiqu\u00e9 de presse annon\u00e7ant que le ministre des transports, encore en exercice, allait \u00eatre nomm\u00e9 administrateur de cette entreprise. <!--more--><\/p>\n<p>Hopium, comme l\u2019expliquait <a href=\"https:\/\/www.lemonde.fr\/economie\/article\/2021\/06\/16\/automobile-hopium-le-frenchy-qui-se-reve-en-tesla-de-l-hydrogene_6084370_3234.html\" rel=\"noopener\" target=\"_blank\">cet article du Monde<\/a>, produit des voitures \u00e0 hydrog\u00e8ne haut de gamme qui affichent 500 chevaux de puissance et co\u00fbtent 120 000 euros pi\u00e8ce. On n&rsquo;est pas ici dans le cadre de la recherche de la future \u00ab\u00a0voiture \u00e0 hydrog\u00e8ne de M. Tout le monde\u00a0\u00bb et bien plut\u00f4t dans un secteur de niche, la voiture pour tr\u00e8s riches qui veulent se donner une bonne conscience \u00e9cologique, mais avec 500 chevaux sous le capot quand m\u00eame&#8230;<\/p>\n<p>Cela pourrait \u00eatre leur choix, \u00e0 savoir investir leur argent pour d\u00e9velopper des voitures hors de prix pour la Jet Set&#8230; Sauf que l&rsquo;ensemble de leur mod\u00e8le \u00e9conomique repose sur de l&rsquo;argent public, c&rsquo;est-\u00e0-dire sur nos imp\u00f4ts. Et ils ne s&rsquo;en cachent m\u00eame pas, leurs <a href=\"https:\/\/www.hopium.com\/downloads\/press\/fr\/2022.01.14.Hopium.Document.dInformation.Transfert.vdef.pdf\" rel=\"noopener\" target=\"_blank\">documents financiers<\/a> en ligne sur leur site expliquent de mani\u00e8re transparente \u00e0 quel point leur mod\u00e8le est d\u00e9pendant des pouvoirs publics:<\/p>\n<p><img decoding=\"async\" loading=\"lazy\" src=\"http:\/\/carfree.fr\/img\/2022\/05\/hopium.jpg\" alt=\"\" width=\"650\" height=\"218\" class=\"alignnone size-full wp-image-44681\" srcset=\"https:\/\/carfree.fr\/img\/2022\/05\/hopium.jpg 650w, https:\/\/carfree.fr\/img\/2022\/05\/hopium-640x215.jpg 640w\" sizes=\"(max-width: 650px) 100vw, 650px\" \/><\/p>\n<p>Rappelons par ailleurs qu&rsquo;en septembre 2020, l&rsquo;Etat fran\u00e7ais, repr\u00e9sent\u00e9 par le ministre des transports Jean-Baptiste Djebbari, annon\u00e7ait un plan de 7 milliards d&rsquo;euros sur 10 ans pour d\u00e9velopper l&rsquo;hydrog\u00e8ne \u00e0 grande \u00e9chelle, afin de rendre \u00ab\u00a0<em>l&rsquo;industrie et les transports plus propres<\/em>\u00a0\u00bb alors m\u00eame que <a href=\"http:\/\/carfree.fr\/index.php\/2013\/02\/04\/le-mythe-de-leconomie-hydrogene-de-jeremy-rifkin\/\" rel=\"noopener\" target=\"_blank\">l&rsquo;hydrog\u00e8ne reste pour beaucoup de sp\u00e9cialistes un mythe.<\/a> Et en particulier, pour ce qui concerne la voiture \u00e0 hydrog\u00e8ne qui reste une <a href=\"http:\/\/carfree.fr\/index.php\/2015\/04\/15\/au-secours-la-voiture-a-hydrogene-revient\/\" rel=\"noopener\" target=\"_blank\">aberration technique et \u00e9cologique<\/a> pour beaucoup.<\/p>\n<p><img decoding=\"async\" loading=\"lazy\" src=\"http:\/\/carfree.fr\/img\/2010\/10\/voiture-a-hydrogene.jpg\" alt=\"\" width=\"400\" height=\"200\" class=\"alignnone size-full wp-image-44779\" \/><\/p>\n<p>Rappelons juste un \u00e9l\u00e9ment, il doit exister seulement une vingtaine de stations \u00e0 hydrog\u00e8ne en France et il faudrait, si la technologie hydrog\u00e8ne \u00e9tait viable \u00e0 grande \u00e9chelle, cr\u00e9er des dizaines de milliers de stations \u00e0 hydrog\u00e8ne pour envisager une g\u00e9n\u00e9ralisation, en plus bien \u00e9videmment des dizaines de milliers de stations de recharge \u00e9lectrique que les pouvoirs publics installent d\u00e9j\u00e0 \u00e0 grands renforts d&rsquo;argent public&#8230;<\/p>\n<p>D&rsquo;ailleurs, c&rsquo;est probablement l&rsquo;enjeu principal d&rsquo;une soci\u00e9t\u00e9 comme Hopium, voir un r\u00e9seau r\u00e9ellement consistant de stations \u00e0 hydrog\u00e8ne se d\u00e9velopper en France. S&rsquo;ils veulent \u00e9viter que leurs voitures de luxe \u00e0 hydrog\u00e8ne ne restent au garage, il va falloir que les pouvoirs publics crachent au bassinet pour les cr\u00e9er ces stations de recharge&#8230;<\/p>\n<p>Or, <a href=\"https:\/\/bigmedia.bpifrance.fr\/news\/7-milliards-deuros-consacres-a-lhydrogene-dici-2030\" rel=\"noopener\" target=\"_blank\">les 7 milliards d&rsquo;argent public<\/a> pr\u00e9vus pour la fili\u00e8re hydrog\u00e8ne sont destin\u00e9s \u00e0 la d\u00e9carbonation de l\u2019industrie pour contribuer \u00e0 l\u2019atteinte de la neutralit\u00e9 carbone en 2050, le d\u00e9veloppement des mobilit\u00e9s lourdes \u00e0 l\u2019hydrog\u00e8ne (camions, trains, bateaux) ainsi que le soutien d\u2019une recherche d\u2019excellence et le d\u00e9veloppement des offres de formation. Pas s\u00fbr que cela soit suffisant pour cr\u00e9er un r\u00e9seau viable de stations de recharge&#8230;<\/p>\n<p>C&rsquo;est dans ce contexte de pluie d&rsquo;argent public sur le secteur de l&rsquo;hydrog\u00e8ne que le ministre des transports Djebbari d\u00e9cide d&rsquo;aller rendre visite deux fois \u00e0 la soci\u00e9t\u00e9 Hopium&#8230; En juin 2021, il rendait en effet visite au patron de la soci\u00e9t\u00e9 Hopium pour \u00ab\u00a0<em>assister \u00e0 la pr\u00e9sentation de leur premier prototype roulant.<\/em>\u00a0\u00bb En septembre 2021, le m\u00eame ministre Jean-Baptiste Djebbari retourne dans cette entreprise et r\u00e9alise m\u00eame \u00e0 cette occasion une belle vid\u00e9o promotionnelle&#8230;<\/p>\n<blockquote class=\"twitter-tweet\" data-width=\"550\" data-dnt=\"true\">\n<p lang=\"fr\" dir=\"ltr\">Retour sur la visite de <a href=\"https:\/\/twitter.com\/Djebbari_JB?ref_src=twsrc%5Etfw\">@Djebbari_JB<\/a>, Ministre d\u00e9l\u00e9gu\u00e9 aux Transports, venu d\u00e9couvrir et tester Alpha 0, le premier prototype roulant de l&#39;Hopium M\u0101china.<a href=\"https:\/\/twitter.com\/Ecologie_Gouv?ref_src=twsrc%5Etfw\">@Ecologie_Gouv<\/a> <a href=\"https:\/\/twitter.com\/gouvernementFR?ref_src=twsrc%5Etfw\">@gouvernementFR<\/a> <a href=\"https:\/\/twitter.com\/hashtag\/hydrogen?src=hash&amp;ref_src=twsrc%5Etfw\">#hydrogen<\/a> <a href=\"https:\/\/t.co\/45mIdlT4CO\">pic.twitter.com\/45mIdlT4CO<\/a><\/p>\n<p>&mdash; Hopium (@hopiumofficial) <a href=\"https:\/\/twitter.com\/hopiumofficial\/status\/1440337787853570063?ref_src=twsrc%5Etfw\">September 21, 2021<\/a><\/p><\/blockquote>\n<p><script async src=\"https:\/\/platform.twitter.com\/widgets.js\" charset=\"utf-8\"><\/script><\/p>\n<p>Le 31 janvier 2022, soit 4 mois plus tard (seulement!), Jean-Baptiste Djebbari saisit la Haute Autorit\u00e9 pour la transparence de la vie publique (HATVP) pour \u00ab\u00a0<em>examiner la compatibilit\u00e9 de ses nouvelles activit\u00e9s priv\u00e9es chez Hopium avec ses fonctions d&rsquo;ancien ministre<\/em>.\u00a0\u00bb Rappelons que le 31 janvier 2022, Djebbari est ministre des transports et va le rester encore quatre mois&#8230; C&rsquo;est ce qui s&rsquo;appelle pr\u00e9parer sa reconversion dans le priv\u00e9 en avance!<\/p>\n<p>Suite \u00e0 sa saisine, la HATVP \u00e9met un \u00ab\u00a0<a href=\"https:\/\/www.hatvp.fr\/wordpress\/wp-content\/uploads\/2022\/05\/2022-104-Jean-Baptiste-Djebbari.pdf\" rel=\"noopener\" target=\"_blank\">avis de compatibilit\u00e9 avec r\u00e9serves<\/a>\u00a0\u00bb le 20 mars 2022. La HATVP lui autorise son retour dans le secteur priv\u00e9, en estimant que \u00ab\u00a0<em>le risque de prise ill\u00e9gale d&rsquo;int\u00e9r\u00eats peut \u00eatre \u00e9cart\u00e9, sous r\u00e9serve de l&rsquo;appr\u00e9ciation souveraine du juge p\u00e9nal.<\/em>\u00a0\u00bb Circulez (c&rsquo;est le cas de le dire), il n&rsquo;y a rien \u00e0 voir&#8230;<\/p>\n<p>Tout roule comme une voiture \u00e0 hydrog\u00e8ne et le 16 mai 2022, soit la veille de la d\u00e9signation de la nouvelle Premi\u00e8re Ministre Elisabeth Borne, la soci\u00e9t\u00e9 Hopium publie un communiqu\u00e9 de presse annon\u00e7ant que le ministre des transports, encore en exercice, allait \u00eatre nomm\u00e9 administrateur de cette entreprise&#8230; Ils n&rsquo;ont m\u00eame pas la d\u00e9cence d&rsquo;attendre son d\u00e9part du gouvernement et son remplacement par un nouveau ministre.<\/p>\n<blockquote class=\"twitter-tweet\" data-width=\"550\" data-dnt=\"true\">\n<p lang=\"fr\" dir=\"ltr\">Le Conseil d\u2019Administration d\u2019Hopium propose la nomination de Monsieur <a href=\"https:\/\/twitter.com\/Djebbari_JB?ref_src=twsrc%5Etfw\">@Djebbari_JB<\/a>, Ministre d\u00e9l\u00e9gu\u00e9 aux Transports, en qualit\u00e9 d\u2019administrateur.<\/p>\n<p>Plus d\u2019infos : <a href=\"https:\/\/t.co\/Bw2XTQprdU\">https:\/\/t.co\/Bw2XTQprdU<\/a> <a href=\"https:\/\/t.co\/nk9PVa8cwy\">pic.twitter.com\/nk9PVa8cwy<\/a><\/p>\n<p>&mdash; Hopium (@hopiumofficial) <a href=\"https:\/\/twitter.com\/hopiumofficial\/status\/1526086642259353601?ref_src=twsrc%5Etfw\">May 16, 2022<\/a><\/p><\/blockquote>\n<p><script async src=\"https:\/\/platform.twitter.com\/widgets.js\" charset=\"utf-8\"><\/script><\/p>\n<p>Certains accusent Jean-Baptiste Djebbari de pantouflage, de conflit d&rsquo;int\u00e9r\u00eat, voire m\u00eame de prise ill\u00e9gale d&rsquo;int\u00e9r\u00eat. Les juristes trancheront&#8230; ou pas, car la France est particuli\u00e8rement permissive avec ce genre de pratiques, qui sembleraient honteuses dans beaucoup de pays nordiques.<\/p>\n<p>Ce qui semble ici particuli\u00e8rement inacceptable, c&rsquo;est qu&rsquo;un ministre des transports qui a fait la promotion de la voiture \u00e0 hydrog\u00e8ne pendant tout son mandat et qui a d\u00e9vers\u00e9 des milliards d&rsquo;argent public sur une hypoth\u00e9tique fili\u00e8re hydrog\u00e8ne finisse au conseil d&rsquo;administration d&rsquo;un constructeur de voitures de luxe \u00e0 hydrog\u00e8ne dont le business model repose en grande partie sur l&rsquo;argent public&#8230;<\/p>\n","protected":false},"excerpt":{"rendered":"<p>Si vous doutiez encore des liens incestueux entre politique et secteur automobile, le pantouflage annonc\u00e9 du ministre des transports Jean-Baptiste Djebbari chez un constructeur de voitures \u00e0 hydrog\u00e8ne l\u00e8ve d\u00e9finitivement <a class=\"more-link\" href=\"https:\/\/carfree.fr\/index.php\/2022\/05\/18\/le-ministre-des-transports-vend-des-bagnoles-a-hydrogene\/\">Lire la suite&#8230;<\/a><\/p>\n","protected":false},"author":18,"featured_media":44679,"comment_status":"open","ping_status":"closed","sticky":false,"template":"","format":"standard","meta":[],"categories":[73],"tags":[1709,11,177,1213,1198,150,427],"views":5144,"_links":{"self":[{"href":"https:\/\/carfree.fr\/index.php\/wp-json\/wp\/v2\/posts\/44678"}],"collection":[{"href":"https:\/\/carfree.fr\/index.php\/wp-json\/wp\/v2\/posts"}],"about":[{"href":"https:\/\/carfree.fr\/index.php\/wp-json\/wp\/v2\/types\/post"}],"author":[{"embeddable":true,"href":"https:\/\/carfree.fr\/index.php\/wp-json\/wp\/v2\/users\/18"}],"replies":[{"embeddable":true,"href":"https:\/\/carfree.fr\/index.php\/wp-json\/wp\/v2\/comments?post=44678"}],"version-history":[{"count":0,"href":"https:\/\/carfree.fr\/index.php\/wp-json\/wp\/v2\/posts\/44678\/revisions"}],"wp:featuredmedia":[{"embeddable":true,"href":"https:\/\/carfree.fr\/index.php\/wp-json\/wp\/v2\/media\/44679"}],"wp:attachment":[{"href":"https:\/\/carfree.fr\/index.php\/wp-json\/wp\/v2\/media?parent=44678"}],"wp:term":[{"taxonomy":"category","embeddable":true,"href":"https:\/\/carfree.fr\/index.php\/wp-json\/wp\/v2\/categories?post=44678"},{"taxonomy":"post_tag","embeddable":true,"href":"https:\/\/carfree.fr\/index.php\/wp-json\/wp\/v2\/tags?post=44678"}],"curies":[{"name":"wp","href":"https:\/\/api.w.org\/{rel}","templated":true}]}}