{"id":44808,"date":"2022-05-25T08:00:37","date_gmt":"2022-05-25T07:00:37","guid":{"rendered":"http:\/\/carfree.fr\/?p=44808"},"modified":"2023-03-15T14:44:11","modified_gmt":"2023-03-15T13:44:11","slug":"le-lobby-automobile-nous-attaque","status":"publish","type":"post","link":"https:\/\/carfree.fr\/index.php\/2022\/05\/25\/le-lobby-automobile-nous-attaque\/","title":{"rendered":"Le lobby automobile nous attaque"},"content":{"rendered":"<p>Ceci est un message de service pour vous informer que nous subissons depuis plusieurs jours des attaques informatiques. <!--more--><\/p>\n<p>Notre site web conna\u00eet en effet depuis environ une semaine une s\u00e9rie d&rsquo;attaques dites par d\u00e9ni de service. Il s&rsquo;agit d&rsquo;attaques informatiques ayant pour but de rendre indisponible un site et d&#8217;emp\u00eacher ainsi les utilisateurs l\u00e9gitimes du site de l&rsquo;utiliser.<\/p>\n<p>Ces derniers jours, le site Carfree a ainsi connu des ralentissements, voire m\u00eame des p\u00e9riodes d&rsquo;arr\u00eat total.<\/p>\n<p>Si vous rencontrez temporairement des difficult\u00e9s d&rsquo;acc\u00e8s, ne perdez pas patience, la situation est en cours d&rsquo;am\u00e9lioration et le site devrait \u00eatre de nouveau pleinement op\u00e9rationnel tr\u00e8s bient\u00f4t.<\/p>\n<p>Nous ne savons pas d&rsquo;o\u00f9 proviennent pr\u00e9cis\u00e9ment ces attaques, mais il est tr\u00e8s probable que le lobby automobile soit derri\u00e8re tout cela&#8230; \ud83d\ude42<\/p>\n<p>En attendant, vous pouvez continuer \u00e0 nous aider en faisant un <a href=\"http:\/\/carfree.fr\/index.php\/ressources\/dons\/\" rel=\"noopener\" target=\"_blank\">don pour financer le fonctionnement et l\u2019h\u00e9bergement du site Carfree France<\/a>.<\/p>\n<p>Merci !<\/p>\n","protected":false},"excerpt":{"rendered":"<p>Ceci est un message de service pour vous informer que nous subissons depuis plusieurs jours des attaques informatiques.<\/p>\n","protected":false},"author":1390,"featured_media":44813,"comment_status":"open","ping_status":"closed","sticky":false,"template":"","format":"standard","meta":[],"categories":[1],"tags":[1709,15,177],"views":5713,"_links":{"self":[{"href":"https:\/\/carfree.fr\/index.php\/wp-json\/wp\/v2\/posts\/44808"}],"collection":[{"href":"https:\/\/carfree.fr\/index.php\/wp-json\/wp\/v2\/posts"}],"about":[{"href":"https:\/\/carfree.fr\/index.php\/wp-json\/wp\/v2\/types\/post"}],"author":[{"embeddable":true,"href":"https:\/\/carfree.fr\/index.php\/wp-json\/wp\/v2\/users\/1390"}],"replies":[{"embeddable":true,"href":"https:\/\/carfree.fr\/index.php\/wp-json\/wp\/v2\/comments?post=44808"}],"version-history":[{"count":0,"href":"https:\/\/carfree.fr\/index.php\/wp-json\/wp\/v2\/posts\/44808\/revisions"}],"wp:featuredmedia":[{"embeddable":true,"href":"https:\/\/carfree.fr\/index.php\/wp-json\/wp\/v2\/media\/44813"}],"wp:attachment":[{"href":"https:\/\/carfree.fr\/index.php\/wp-json\/wp\/v2\/media?parent=44808"}],"wp:term":[{"taxonomy":"category","embeddable":true,"href":"https:\/\/carfree.fr\/index.php\/wp-json\/wp\/v2\/categories?post=44808"},{"taxonomy":"post_tag","embeddable":true,"href":"https:\/\/carfree.fr\/index.php\/wp-json\/wp\/v2\/tags?post=44808"}],"curies":[{"name":"wp","href":"https:\/\/api.w.org\/{rel}","templated":true}]}}