{"id":44810,"date":"2022-08-17T08:18:49","date_gmt":"2022-08-17T07:18:49","guid":{"rendered":"http:\/\/carfree.fr\/?p=44810"},"modified":"2022-08-17T08:18:49","modified_gmt":"2022-08-17T07:18:49","slug":"le-fleau-du-pietonisme","status":"publish","type":"post","link":"https:\/\/carfree.fr\/index.php\/2022\/08\/17\/le-fleau-du-pietonisme\/","title":{"rendered":"Le fl\u00e9au du pi\u00e9tonisme"},"content":{"rendered":"<p>Il est vraisemblable que les esprits chagrins qui pleurent sur la d\u00e9population ne voyagent pas en automobile. Si ces esprits mettaient la main au volant, ils s\u2019apercevraient vite qu\u2019il n\u2019y a jamais eu tant de pi\u00e9tons qu\u2019\u00e0 pr\u00e9sent. <!--more--><\/p>\n<p>C\u2019est un fait que plus on en \u00e9crase plus il en vient. M\u00eame si chaque chauffeur prenait la r\u00e9solution de s\u2019accorder un \u00ab tableau \u00ab d\u2019une dizaine de pi\u00e9tons par jour, je crois qu\u2019on n\u2019en verrait jamais la fin.<\/p>\n<p>Or, si cette engeance n\u2019est gu\u00e8re g\u00eanante sur la route, elle est, par contre, extr\u00eamement redoutable dans les rues des cit\u00e9s. Je ne parle pas de Paris, o\u00f9 la chasse aux pi\u00e9tons, m\u00e9thodiquement organis\u00e9e, commence enfin \u00e0 donner de bons r\u00e9sultats, mais dans toutes les villes de province, grandes ou petites, le pi\u00e9ton r\u00e8gne en ma\u00eetre sur le pav\u00e9, occupant avec un ent\u00eatement qui semble irr\u00e9m\u00e9diable, toute la partie d\u00e9daign\u00e9e par les lignes de tramways.<\/p>\n<p>Deux jours par semaine, particuli\u00e8rement le dimanche et le jour de march\u00e9, le fl\u00e9au du pi\u00e9tonisme s\u00e9vit avec une intensit\u00e9 qui nous fait douter de la civilisation. Il n\u2019est pas de moyenne horaire, m\u00eame modeste, qui puisse tenir un instant devant les interminables \u00ab\u00a0sur places\u00a0\u00bb que le pi\u00e9ton impose \u00e0 l\u2019automobiliste dans la travers\u00e9e des villes.<\/p>\n<p>C\u2019est pourquoi la cr\u00e9ation de voies contournant les agglom\u00e9rations \u2014 projet mis \u00e0 l\u2019ordre du jour du prochain congr\u00e8s de la route \u2014 nous permettra seule d\u2019\u00e9chapper \u00e0 une lutte d\u00e9cid\u00e9ment impossible. A moins qu\u2019on ne consente \u00e0 r\u00e9server \u00e0 la circulation automobile les trottoirs que, par principe, les pi\u00e9tons laissent enti\u00e8rement libres. Mais je parie qu&rsquo;ils en prendraient pr\u00e9texte pour y venir \u00e0 leur tour.<\/p>\n<p>Source: L&rsquo;\u00c9volution alg\u00e9rienne et tunisienne, 13 mars 1913<br \/>\nImage: EUGENE GALIEN-LALOUE (1854-1941) &#8211; \u00ab\u00a0Le Boulevard P\u00e9reire \u00e0 Paris\u00a0\u00bb<\/p>\n","protected":false},"excerpt":{"rendered":"<p>Il est vraisemblable que les esprits chagrins qui pleurent sur la d\u00e9population ne voyagent pas en automobile. Si ces esprits mettaient la main au volant, ils s\u2019apercevraient vite qu\u2019il n\u2019y <a class=\"more-link\" href=\"https:\/\/carfree.fr\/index.php\/2022\/08\/17\/le-fleau-du-pietonisme\/\">Lire la suite&#8230;<\/a><\/p>\n","protected":false},"author":1662,"featured_media":44822,"comment_status":"open","ping_status":"closed","sticky":false,"template":"","format":"standard","meta":[],"categories":[4,1038,9],"tags":[11,198,846,106,101,178],"views":5445,"_links":{"self":[{"href":"https:\/\/carfree.fr\/index.php\/wp-json\/wp\/v2\/posts\/44810"}],"collection":[{"href":"https:\/\/carfree.fr\/index.php\/wp-json\/wp\/v2\/posts"}],"about":[{"href":"https:\/\/carfree.fr\/index.php\/wp-json\/wp\/v2\/types\/post"}],"author":[{"embeddable":true,"href":"https:\/\/carfree.fr\/index.php\/wp-json\/wp\/v2\/users\/1662"}],"replies":[{"embeddable":true,"href":"https:\/\/carfree.fr\/index.php\/wp-json\/wp\/v2\/comments?post=44810"}],"version-history":[{"count":0,"href":"https:\/\/carfree.fr\/index.php\/wp-json\/wp\/v2\/posts\/44810\/revisions"}],"wp:featuredmedia":[{"embeddable":true,"href":"https:\/\/carfree.fr\/index.php\/wp-json\/wp\/v2\/media\/44822"}],"wp:attachment":[{"href":"https:\/\/carfree.fr\/index.php\/wp-json\/wp\/v2\/media?parent=44810"}],"wp:term":[{"taxonomy":"category","embeddable":true,"href":"https:\/\/carfree.fr\/index.php\/wp-json\/wp\/v2\/categories?post=44810"},{"taxonomy":"post_tag","embeddable":true,"href":"https:\/\/carfree.fr\/index.php\/wp-json\/wp\/v2\/tags?post=44810"}],"curies":[{"name":"wp","href":"https:\/\/api.w.org\/{rel}","templated":true}]}}