{"id":44880,"date":"2022-06-27T08:15:37","date_gmt":"2022-06-27T07:15:37","guid":{"rendered":"http:\/\/carfree.fr\/?p=44880"},"modified":"2022-06-27T08:15:37","modified_gmt":"2022-06-27T07:15:37","slug":"ce-nest-pas-de-ma-faute-cest-de-la-faute-des-cyclistes","status":"publish","type":"post","link":"https:\/\/carfree.fr\/index.php\/2022\/06\/27\/ce-nest-pas-de-ma-faute-cest-de-la-faute-des-cyclistes\/","title":{"rendered":"Ce n&rsquo;est pas de ma faute! C&rsquo;est de la faute des cyclistes!"},"content":{"rendered":"<p>Les Aventures de Totomobiliste constituent une mini-BD en plusieurs \u00e9pisodes r\u00e9alis\u00e9e par Leo Fabre. Totomobiliste est une source in\u00e9puisable d&rsquo;inspiration. Aujourd&rsquo;hui, l&rsquo;\u00e9pisode 9: \u00ab\u00a0Ce n&rsquo;est pas de ma faute! C&rsquo;est de la faute des cyclistes!\u00a0\u00bb <!--more--><\/p>\n<p><img decoding=\"async\" loading=\"lazy\" class=\"alignnone size-full wp-image-44881\" src=\"http:\/\/carfree.fr\/img\/2022\/06\/faute1.jpg\" alt=\"\" width=\"650\" height=\"754\" srcset=\"https:\/\/carfree.fr\/img\/2022\/06\/faute1.jpg 650w, https:\/\/carfree.fr\/img\/2022\/06\/faute1-552x640.jpg 552w\" sizes=\"(max-width: 650px) 100vw, 650px\" \/><br \/>\n<img decoding=\"async\" loading=\"lazy\" class=\"alignnone size-full wp-image-44882\" src=\"http:\/\/carfree.fr\/img\/2022\/06\/faute2.jpg\" alt=\"\" width=\"650\" height=\"754\" srcset=\"https:\/\/carfree.fr\/img\/2022\/06\/faute2.jpg 650w, https:\/\/carfree.fr\/img\/2022\/06\/faute2-552x640.jpg 552w\" sizes=\"(max-width: 650px) 100vw, 650px\" \/><br \/>\n<img decoding=\"async\" loading=\"lazy\" class=\"alignnone size-full wp-image-44883\" src=\"http:\/\/carfree.fr\/img\/2022\/06\/faute3.jpg\" alt=\"\" width=\"650\" height=\"754\" srcset=\"https:\/\/carfree.fr\/img\/2022\/06\/faute3.jpg 650w, https:\/\/carfree.fr\/img\/2022\/06\/faute3-552x640.jpg 552w\" sizes=\"(max-width: 650px) 100vw, 650px\" \/><br \/>\n<img decoding=\"async\" loading=\"lazy\" class=\"alignnone size-full wp-image-44884\" src=\"http:\/\/carfree.fr\/img\/2022\/06\/faute4.jpg\" alt=\"\" width=\"650\" height=\"754\" srcset=\"https:\/\/carfree.fr\/img\/2022\/06\/faute4.jpg 650w, https:\/\/carfree.fr\/img\/2022\/06\/faute4-552x640.jpg 552w\" sizes=\"(max-width: 650px) 100vw, 650px\" \/><br \/>\n<img decoding=\"async\" loading=\"lazy\" class=\"alignnone size-full wp-image-44885\" src=\"http:\/\/carfree.fr\/img\/2022\/06\/faute5.jpg\" alt=\"\" width=\"650\" height=\"754\" srcset=\"https:\/\/carfree.fr\/img\/2022\/06\/faute5.jpg 650w, https:\/\/carfree.fr\/img\/2022\/06\/faute5-552x640.jpg 552w\" sizes=\"(max-width: 650px) 100vw, 650px\" \/><br \/>\n<img decoding=\"async\" loading=\"lazy\" class=\"alignnone size-full wp-image-44886\" src=\"http:\/\/carfree.fr\/img\/2022\/06\/faute6.jpg\" alt=\"\" width=\"650\" height=\"754\" srcset=\"https:\/\/carfree.fr\/img\/2022\/06\/faute6.jpg 650w, https:\/\/carfree.fr\/img\/2022\/06\/faute6-552x640.jpg 552w\" sizes=\"(max-width: 650px) 100vw, 650px\" \/><br \/>\n<img decoding=\"async\" loading=\"lazy\" class=\"alignnone size-full wp-image-44887\" src=\"http:\/\/carfree.fr\/img\/2022\/06\/faute7.jpg\" alt=\"\" width=\"650\" height=\"754\" srcset=\"https:\/\/carfree.fr\/img\/2022\/06\/faute7.jpg 650w, https:\/\/carfree.fr\/img\/2022\/06\/faute7-552x640.jpg 552w\" sizes=\"(max-width: 650px) 100vw, 650px\" \/><br \/>\n<img decoding=\"async\" loading=\"lazy\" class=\"alignnone size-full wp-image-44888\" src=\"http:\/\/carfree.fr\/img\/2022\/06\/faute8.jpg\" alt=\"\" width=\"650\" height=\"754\" srcset=\"https:\/\/carfree.fr\/img\/2022\/06\/faute8.jpg 650w, https:\/\/carfree.fr\/img\/2022\/06\/faute8-552x640.jpg 552w\" sizes=\"(max-width: 650px) 100vw, 650px\" \/><br \/>\n<img decoding=\"async\" loading=\"lazy\" class=\"alignnone size-full wp-image-44889\" src=\"http:\/\/carfree.fr\/img\/2022\/06\/faute9.jpg\" alt=\"\" width=\"650\" height=\"754\" srcset=\"https:\/\/carfree.fr\/img\/2022\/06\/faute9.jpg 650w, https:\/\/carfree.fr\/img\/2022\/06\/faute9-552x640.jpg 552w\" sizes=\"(max-width: 650px) 100vw, 650px\" \/><br \/>\n<img decoding=\"async\" loading=\"lazy\" class=\"alignnone size-full wp-image-44890\" src=\"http:\/\/carfree.fr\/img\/2022\/06\/faute10.jpg\" alt=\"\" width=\"650\" height=\"754\" srcset=\"https:\/\/carfree.fr\/img\/2022\/06\/faute10.jpg 650w, https:\/\/carfree.fr\/img\/2022\/06\/faute10-552x640.jpg 552w\" sizes=\"(max-width: 650px) 100vw, 650px\" \/><br \/>\n<img decoding=\"async\" loading=\"lazy\" class=\"alignnone size-full wp-image-44891\" src=\"http:\/\/carfree.fr\/img\/2022\/06\/faute11.jpg\" alt=\"\" width=\"650\" height=\"754\" srcset=\"https:\/\/carfree.fr\/img\/2022\/06\/faute11.jpg 650w, https:\/\/carfree.fr\/img\/2022\/06\/faute11-552x640.jpg 552w\" sizes=\"(max-width: 650px) 100vw, 650px\" \/><\/p>\n<p>Leo Fabre<br \/>\n<a href=\"https:\/\/twitter.com\/Leofabre12\" target=\"_blank\" rel=\"noopener\">https:\/\/twitter.com\/Leofabre12<\/a><br \/>\n<a href=\"https:\/\/www.instagram.com\/totomobiliste\/?hl=fr\" target=\"_blank\" rel=\"noopener\">https:\/\/www.instagram.com\/totomobiliste\/?hl=fr<\/a><\/p>\n","protected":false},"excerpt":{"rendered":"<p>Les Aventures de Totomobiliste constituent une mini-BD en plusieurs \u00e9pisodes r\u00e9alis\u00e9e par Leo Fabre. Totomobiliste est une source in\u00e9puisable d&rsquo;inspiration. Aujourd&rsquo;hui, l&rsquo;\u00e9pisode 9: \u00ab\u00a0Ce n&rsquo;est pas de ma faute! C&rsquo;est <a class=\"more-link\" href=\"https:\/\/carfree.fr\/index.php\/2022\/06\/27\/ce-nest-pas-de-ma-faute-cest-de-la-faute-des-cyclistes\/\">Lire la suite&#8230;<\/a><\/p>\n","protected":false},"author":1695,"featured_media":44502,"comment_status":"open","ping_status":"closed","sticky":false,"template":"","format":"standard","meta":[],"categories":[4,7],"tags":[646,191,846,744,1664],"views":7211,"_links":{"self":[{"href":"https:\/\/carfree.fr\/index.php\/wp-json\/wp\/v2\/posts\/44880"}],"collection":[{"href":"https:\/\/carfree.fr\/index.php\/wp-json\/wp\/v2\/posts"}],"about":[{"href":"https:\/\/carfree.fr\/index.php\/wp-json\/wp\/v2\/types\/post"}],"author":[{"embeddable":true,"href":"https:\/\/carfree.fr\/index.php\/wp-json\/wp\/v2\/users\/1695"}],"replies":[{"embeddable":true,"href":"https:\/\/carfree.fr\/index.php\/wp-json\/wp\/v2\/comments?post=44880"}],"version-history":[{"count":0,"href":"https:\/\/carfree.fr\/index.php\/wp-json\/wp\/v2\/posts\/44880\/revisions"}],"wp:featuredmedia":[{"embeddable":true,"href":"https:\/\/carfree.fr\/index.php\/wp-json\/wp\/v2\/media\/44502"}],"wp:attachment":[{"href":"https:\/\/carfree.fr\/index.php\/wp-json\/wp\/v2\/media?parent=44880"}],"wp:term":[{"taxonomy":"category","embeddable":true,"href":"https:\/\/carfree.fr\/index.php\/wp-json\/wp\/v2\/categories?post=44880"},{"taxonomy":"post_tag","embeddable":true,"href":"https:\/\/carfree.fr\/index.php\/wp-json\/wp\/v2\/tags?post=44880"}],"curies":[{"name":"wp","href":"https:\/\/api.w.org\/{rel}","templated":true}]}}