{"id":45015,"date":"2022-08-10T08:17:44","date_gmt":"2022-08-10T07:17:44","guid":{"rendered":"http:\/\/carfree.fr\/?p=45015"},"modified":"2022-08-10T08:18:23","modified_gmt":"2022-08-10T07:18:23","slug":"biking-boom","status":"publish","type":"post","link":"https:\/\/carfree.fr\/index.php\/2022\/08\/10\/biking-boom\/","title":{"rendered":"Biking Boom"},"content":{"rendered":"<p>La cha\u00eene franco-allemande Arte propose une s\u00e9rie de petits documentaires autour du v\u00e9lo. De Londres \u00e0 Berlin, des Pays-Bas \u00e0 New-York ou de l&rsquo;Iran \u00e0 la Zambie, le v\u00e9lo appara\u00eet d\u00e9sormais autant comme un style de vie que comme un outil de revendication \u00e0 part enti\u00e8re, investi du pouvoir de changer le monde, un coup de p\u00e9dale apr\u00e8s l\u2019autre. <!--more--><\/p>\n<p>Et si le v\u00e9lo, a priori anodin et courant, \u00e9tait l\u2019outil inattendu de la r\u00e9volution ?<\/p>\n<p><strong>Episode 1: Le v\u00e9lo, un style de vie<\/strong><br \/>\nUn voyage itin\u00e9rant \u00e0 la rencontre du v\u00e9lo, symbole de libert\u00e9 et de respect de l&rsquo;environnement. Dans ce volet: tour d&rsquo;horizon \u00e0 Berlin, capitale officieuse des v\u00e9los de course vintage, \u00e0 Londres, o\u00f9 les \u00ab\u00a0caf\u00e9s-v\u00e9los\u00a0\u00bb proposent aussi des soir\u00e9es speed dating et aux Pays-Bas, pays pr\u00e9curseur o\u00f9 le cycliste, pour se distinguer, se doit de travailler son look.<\/p>\n<p><strong>Episode 2: Le v\u00e9lo dans l\u2019art et la pop<\/strong><br \/>\nLes courbes du v\u00e9lo, sa m\u00e9canique parfaite et sa symbolique ind\u00e9modable inspirent depuis plus d\u2019un si\u00e8cle des artistes du monde entier. Rencontre avec certains d&rsquo;entre eux, comme les New-Yorkaises Taliah Lempert et Olek, la designer italienne Gianluca Gimini ou encore Kraftwerk, groupe allemand pionnier de l&rsquo;\u00e9lectro, qui a consacr\u00e9 tout un album au Tour de France.<\/p>\n<p><strong>Episode 3: La r\u00e9volution en selle<\/strong><br \/>\nUn voyage itin\u00e9rant \u00e0 la rencontre du v\u00e9lo, symbole de libert\u00e9 et de respect de l&rsquo;environnement. Dans ce volet: comment, de la Californie \u00e0 l&rsquo;Iran en passant par le pav\u00e9 londonien, le v\u00e9lo constitue depuis les ann\u00e9es 1990 un outil de revendication \u00e0 part enti\u00e8re, investi du pouvoir de changer le monde, un coup de p\u00e9dale apr\u00e8s l\u2019autre.<\/p>\n<p><strong>Episode 4: En v\u00e9lo, Simone !<\/strong><br \/>\nD\u00e8s son invention au XIXe si\u00e8cle, le v\u00e9lo permet aux femmes occidentales de se d\u00e9placer en toute ind\u00e9pendance. Aujourd\u2019hui, c\u2019est au tour des femmes des pays arabes de s\u2019en emparer. Et si ce v\u00e9hicule, a priori anodin et courant, \u00e9tait l\u2019outil inattendu de la r\u00e9volution f\u00e9ministe ? Un documentaire \u00e0 envoyer de toute urgence \u00e0 <a href=\"http:\/\/carfree.fr\/index.php\/2022\/06\/08\/sandrine-rousseau-lecologiste-anti-velo\/\">Sandrine Rousseau<\/a>&#8230;<\/p>\n<p><strong>Episode 5: Zambie : le succ\u00e8s du v\u00e9lo<\/strong><br \/>\n300.000 v\u00e9los distribu\u00e9s en quatre ans dans six pays : World Bicycle Relief signe un projet humanitaire exceptionnel\u2026<\/p>\n<p><a href=\"https:\/\/www.arte.tv\/fr\/videos\/075822-001-A\/biking-boom\/\" rel=\"noopener\" target=\"_blank\">https:\/\/www.arte.tv\/fr\/videos\/075822-001-A\/biking-boom\/<\/a><\/p>\n","protected":false},"excerpt":{"rendered":"<p>La cha\u00eene franco-allemande Arte propose une s\u00e9rie de petits documentaires autour du v\u00e9lo. De Londres \u00e0 Berlin, des Pays-Bas \u00e0 New-York ou de l&rsquo;Iran \u00e0 la Zambie, le v\u00e9lo appara\u00eet <a class=\"more-link\" href=\"https:\/\/carfree.fr\/index.php\/2022\/08\/10\/biking-boom\/\">Lire la suite&#8230;<\/a><\/p>\n","protected":false},"author":37,"featured_media":45016,"comment_status":"open","ping_status":"closed","sticky":false,"template":"","format":"standard","meta":[],"categories":[4,7],"tags":[527,646,1770,717,100,532,88,1051,1664,648,1833],"views":5754,"_links":{"self":[{"href":"https:\/\/carfree.fr\/index.php\/wp-json\/wp\/v2\/posts\/45015"}],"collection":[{"href":"https:\/\/carfree.fr\/index.php\/wp-json\/wp\/v2\/posts"}],"about":[{"href":"https:\/\/carfree.fr\/index.php\/wp-json\/wp\/v2\/types\/post"}],"author":[{"embeddable":true,"href":"https:\/\/carfree.fr\/index.php\/wp-json\/wp\/v2\/users\/37"}],"replies":[{"embeddable":true,"href":"https:\/\/carfree.fr\/index.php\/wp-json\/wp\/v2\/comments?post=45015"}],"version-history":[{"count":0,"href":"https:\/\/carfree.fr\/index.php\/wp-json\/wp\/v2\/posts\/45015\/revisions"}],"wp:featuredmedia":[{"embeddable":true,"href":"https:\/\/carfree.fr\/index.php\/wp-json\/wp\/v2\/media\/45016"}],"wp:attachment":[{"href":"https:\/\/carfree.fr\/index.php\/wp-json\/wp\/v2\/media?parent=45015"}],"wp:term":[{"taxonomy":"category","embeddable":true,"href":"https:\/\/carfree.fr\/index.php\/wp-json\/wp\/v2\/categories?post=45015"},{"taxonomy":"post_tag","embeddable":true,"href":"https:\/\/carfree.fr\/index.php\/wp-json\/wp\/v2\/tags?post=45015"}],"curies":[{"name":"wp","href":"https:\/\/api.w.org\/{rel}","templated":true}]}}