{"id":45054,"date":"2022-09-27T08:17:58","date_gmt":"2022-09-27T07:17:58","guid":{"rendered":"http:\/\/carfree.fr\/?p=45054"},"modified":"2022-09-27T08:17:58","modified_gmt":"2022-09-27T07:17:58","slug":"lenterrement-du-dernier-pieton","status":"publish","type":"post","link":"https:\/\/carfree.fr\/index.php\/2022\/09\/27\/lenterrement-du-dernier-pieton\/","title":{"rendered":"L&rsquo;enterrement du dernier pi\u00e9ton"},"content":{"rendered":"<p>Il y a quelques jours, les joyeux Parisiens suivirent l&rsquo;enterrement du dernier omnibus \u00e0 traction animale. Hier, ce fut le tour du dernier pi\u00e9ton, qui fut reconduit \u00e0 sa derni\u00e8re demeure avec tout le respect qu&rsquo;il convenait de t\u00e9moigner \u00e0 ce v\u00e9n\u00e9rable d\u00e9bris des temps anciens, o\u00f9 l&rsquo;homme pataugeait lamentablement dans la boue, usant de ses jambes pour vaquer \u00e0 ses occupations journali\u00e8res. <!--more--><\/p>\n<p>Le dernier pi\u00e9ton s&rsquo;appelait Ventrepied (Gustave). Chaque jour, on pouvait le voir fl\u00e2ner sur les quais, s&rsquo;arr\u00eatant devant l&rsquo;\u00e9talage des libraires, s&rsquo;accoudant aux parapets, suivant de l&rsquo;\u0153il les remorqueurs noir et rouge, en service sur la Seine. Il s&rsquo;aidait d&rsquo;une canne et, clopin-clopant, traversait les Tuileries pour revenir \u00e0 son domicile en passant par le Pont-Neuf.<\/p>\n<p>Pour sa derni\u00e8re promenade, un cort\u00e8ge fut organis\u00e9. En t\u00eate, roulaient les joyeux cyclistes, suivis des taxis-autos farceurs; pour terminer, les gros autobus en goguette bourdonnaient, saluant l&rsquo;\u00e8re nouvelle de la locomotion m\u00e9canique.<\/p>\n<p>Au milieu des rires, le d\u00e9suet Ventrepied fut conduit \u00e0 l&rsquo;abattoir. La Soci\u00e9t\u00e9 protectrice des pi\u00e9tons en avait d\u00e9cid\u00e9 ainsi, jugeant qu&rsquo;il serait plus humain de mettre un terme aux souffrances de ce malheureux, enti\u00e8rement d\u00e9plac\u00e9 dans notre civilisation.<\/p>\n<p>A midi moins dix, le dernier pi\u00e9ton tombait sous les coups du boucher. Son corps, partag\u00e9 en morceaux d&rsquo;\u00e9gale grosseur, a \u00e9t\u00e9 gracieusement distribu\u00e9 aux indigents par les soins de l&rsquo;Assistance publique.<\/p>\n<p>Le Journal, 26 janvier 1913.<\/p>\n","protected":false},"excerpt":{"rendered":"<p>Il y a quelques jours, les joyeux Parisiens suivirent l&rsquo;enterrement du dernier omnibus \u00e0 traction animale. Hier, ce fut le tour du dernier pi\u00e9ton, qui fut reconduit \u00e0 sa derni\u00e8re <a class=\"more-link\" href=\"https:\/\/carfree.fr\/index.php\/2022\/09\/27\/lenterrement-du-dernier-pieton\/\">Lire la suite&#8230;<\/a><\/p>\n","protected":false},"author":1662,"featured_media":45055,"comment_status":"open","ping_status":"closed","sticky":false,"template":"","format":"standard","meta":[],"categories":[4,1038,9],"tags":[198,846,106,101],"views":7275,"_links":{"self":[{"href":"https:\/\/carfree.fr\/index.php\/wp-json\/wp\/v2\/posts\/45054"}],"collection":[{"href":"https:\/\/carfree.fr\/index.php\/wp-json\/wp\/v2\/posts"}],"about":[{"href":"https:\/\/carfree.fr\/index.php\/wp-json\/wp\/v2\/types\/post"}],"author":[{"embeddable":true,"href":"https:\/\/carfree.fr\/index.php\/wp-json\/wp\/v2\/users\/1662"}],"replies":[{"embeddable":true,"href":"https:\/\/carfree.fr\/index.php\/wp-json\/wp\/v2\/comments?post=45054"}],"version-history":[{"count":0,"href":"https:\/\/carfree.fr\/index.php\/wp-json\/wp\/v2\/posts\/45054\/revisions"}],"wp:featuredmedia":[{"embeddable":true,"href":"https:\/\/carfree.fr\/index.php\/wp-json\/wp\/v2\/media\/45055"}],"wp:attachment":[{"href":"https:\/\/carfree.fr\/index.php\/wp-json\/wp\/v2\/media?parent=45054"}],"wp:term":[{"taxonomy":"category","embeddable":true,"href":"https:\/\/carfree.fr\/index.php\/wp-json\/wp\/v2\/categories?post=45054"},{"taxonomy":"post_tag","embeddable":true,"href":"https:\/\/carfree.fr\/index.php\/wp-json\/wp\/v2\/tags?post=45054"}],"curies":[{"name":"wp","href":"https:\/\/api.w.org\/{rel}","templated":true}]}}