{"id":45161,"date":"2022-11-02T16:16:37","date_gmt":"2022-11-02T15:16:37","guid":{"rendered":"http:\/\/carfree.fr\/?p=45161"},"modified":"2023-02-07T09:00:27","modified_gmt":"2023-02-07T08:00:27","slug":"semantique-journalistique-entre-quelques-publicites-automobiles","status":"publish","type":"post","link":"https:\/\/carfree.fr\/index.php\/2022\/11\/02\/semantique-journalistique-entre-quelques-publicites-automobiles\/","title":{"rendered":"S\u00e9mantique journalistique entre quelques publicit\u00e9s automobiles"},"content":{"rendered":"<p>Le quotidien r\u00e9gional Ouest France titre le 28 octobre 2022 : \u00ab\u00a0Il est possible d&rsquo;aller \u00e0 Cap Malo \u00e0 v\u00e9lo ou \u00e0 pied\u00a0\u00bb. Commentaire: Avant la piste cyclable, seuls les automobilistes auraient eu ce POUVOIR, les routes leur \u00e9tant destin\u00e9es. Rien n&rsquo;a chang\u00e9: elles le sont encore. <!--more--><\/p>\n<p>Il est donc toujours exig\u00e9 des cyclistes et des pi\u00e9tons de ne pas les emprunter. Et de se r\u00e9jouir d&rsquo;avoir attendu qu&rsquo;on leur am\u00e9nage des pistes avec panneaux \u00ab\u00a0pied \u00e0 terre\u00a0\u00bb avant chaque intersection (les automobilistes l&rsquo;ont toujours sur la p\u00e9dale, une confusion s\u00e9mantique les mettrait en difficult\u00e9 devant des panneaux \u00ab\u00a0pied au plancher\u00a0\u00bb). Pi\u00e9tons et cyclistes sont d\u00e9sormais oblig\u00e9s d&#8217;emprunter la piste cyclable. Pour leur propre s\u00e9curit\u00e9 ou pour la bonne conscience du monde automobile?<\/p>\n<p>Sous titre du m\u00eame article: \u00ab\u00a0<em>Cette voie de mobilit\u00e9 douce permet de rejoindre la zone de commerces et de loisirs en toute s\u00e9curit\u00e9<\/em>\u00ab\u00a0. Premier commentaire: De quel bord est la s\u00e9curit\u00e9? Faut-il que les muscles se plient \u00e0 la DOUCEUR sous la violence environnementale des moteurs? Second commentaire: Les commerces seraient distincts des loisirs dans la zone de Cap Malo. Le loisir n&rsquo;y serait pas commercial ni loisible le commerce?<\/p>\n<p>Source: <a href=\"https:\/\/www.ouest-france.fr\/bretagne\/la-meziere-35520\/il-est-possible-daller-a-cap-malo-a-velo-ou-a-pied-0403e058-556c-11ed-b040-bf7941801d36\" target=\"_blank\" rel=\"noopener\">https:\/\/www.ouest-france.fr\/bretagne\/la-meziere-35520\/il-est-possible-daller-a-cap-malo-a-velo-ou-a-pied-0403e058-556c-11ed-b040-bf7941801d36<\/a><\/p>\n<p>Image de couverture: Les v\u00e9los, <a href=\"http:\/\/robin.babylone.free.fr\/\" target=\"_blank\" rel=\"noopener\">Babylone-Patrice Robin<\/a><\/p>\n","protected":false},"excerpt":{"rendered":"<p>Le quotidien r\u00e9gional Ouest France titre le 28 octobre 2022 : \u00ab\u00a0Il est possible d&rsquo;aller \u00e0 Cap Malo \u00e0 v\u00e9lo ou \u00e0 pied\u00a0\u00bb. Commentaire: Avant la piste cyclable, seuls les <a class=\"more-link\" href=\"https:\/\/carfree.fr\/index.php\/2022\/11\/02\/semantique-journalistique-entre-quelques-publicites-automobiles\/\">Lire la suite&#8230;<\/a><\/p>\n","protected":false},"author":537,"featured_media":45253,"comment_status":"open","ping_status":"closed","sticky":false,"template":"","format":"standard","meta":[],"categories":[4,73,9,7],"tags":[11,926,101,743,263,334,1664],"views":13345,"_links":{"self":[{"href":"https:\/\/carfree.fr\/index.php\/wp-json\/wp\/v2\/posts\/45161"}],"collection":[{"href":"https:\/\/carfree.fr\/index.php\/wp-json\/wp\/v2\/posts"}],"about":[{"href":"https:\/\/carfree.fr\/index.php\/wp-json\/wp\/v2\/types\/post"}],"author":[{"embeddable":true,"href":"https:\/\/carfree.fr\/index.php\/wp-json\/wp\/v2\/users\/537"}],"replies":[{"embeddable":true,"href":"https:\/\/carfree.fr\/index.php\/wp-json\/wp\/v2\/comments?post=45161"}],"version-history":[{"count":0,"href":"https:\/\/carfree.fr\/index.php\/wp-json\/wp\/v2\/posts\/45161\/revisions"}],"wp:featuredmedia":[{"embeddable":true,"href":"https:\/\/carfree.fr\/index.php\/wp-json\/wp\/v2\/media\/45253"}],"wp:attachment":[{"href":"https:\/\/carfree.fr\/index.php\/wp-json\/wp\/v2\/media?parent=45161"}],"wp:term":[{"taxonomy":"category","embeddable":true,"href":"https:\/\/carfree.fr\/index.php\/wp-json\/wp\/v2\/categories?post=45161"},{"taxonomy":"post_tag","embeddable":true,"href":"https:\/\/carfree.fr\/index.php\/wp-json\/wp\/v2\/tags?post=45161"}],"curies":[{"name":"wp","href":"https:\/\/api.w.org\/{rel}","templated":true}]}}