{"id":45170,"date":"2022-11-07T11:13:20","date_gmt":"2022-11-07T10:13:20","guid":{"rendered":"http:\/\/carfree.fr\/?p=45170"},"modified":"2022-11-07T11:13:20","modified_gmt":"2022-11-07T10:13:20","slug":"paris-londres-new-york-visions-pour-un-avenir-sans-voiture","status":"publish","type":"post","link":"https:\/\/carfree.fr\/index.php\/2022\/11\/07\/paris-londres-new-york-visions-pour-un-avenir-sans-voiture\/","title":{"rendered":"Paris, Londres, New-York, visions pour un avenir sans voiture"},"content":{"rendered":"<p>Imaginez, \u00e0 Paris, la place de La Concorde r\u00e9invent\u00e9e par des citoyens, des \u00e9tudiant.es, militant.es pour le climat et la biodiversit\u00e9, des cyclistes, des jardinier.es, des urbanistes&#8230; tous.tes engag\u00e9.es pour une ville o\u00f9 la voiture aura laiss\u00e9 la place aux habitants, aux animaux, \u00e0 la v\u00e9g\u00e9tation, bref \u00e0 la vie! <!--more--><\/p>\n<p>Samedi 24 septembre, l&rsquo;\u00e9quipe de Car Free Megacities \u00e0 Paris s&rsquo;est r\u00e9unie \u00e0 <a href=\"https:\/\/www.academieduclimat.paris\/\" target=\"_blank\" rel=\"noopener\">l\u2019Acad\u00e9mie du Climat <\/a>pour un atelier sur plan avec comme mission de\u00a0 transformer la place telle qu&rsquo;il semble n\u00e9cessaire de la voir \u00e9voluer prochainement.<\/p>\n<p><a href=\"https:\/\/fr.wikipedia.org\/wiki\/Place_de_la_Concorde\" target=\"_blank\" rel=\"noopener\">La Place de La Concorde<\/a> est la plus grande place de Paris, \u00e0 l\u2019origine un grand jardin \u00e0 la fran\u00e7aise, elle est devenue au 20eme si\u00e8cle un immense carrefour pour la circulation automobile. Les pi\u00e9tons et les cyclistes y sont en danger, quiconque souhaite aujourd\u2019hui traverser \u00e0 pied ses 8,6 hectares devra franchir vingt voies de circulation.<\/p>\n<p>Un lieu embl\u00e9matique a \u00e9t\u00e9 repens\u00e9 sans voiture, dans chacune des 3 villes : <strong>Hyde Park Corner<\/strong> \u00e0 Londres, la <strong>place de La Concorde<\/strong> \u00e0 Paris et <strong>Grand Army plazza<\/strong> \u00e0 Brooklyn- New-York.<\/p>\n<p>Au cours de ces deux derni\u00e8res ann\u00e9es,\u00a0 la campagne <strong><a href=\"https:\/\/www.carfreemegacities.org\/\" target=\"_blank\" rel=\"noopener\">Car Free Megacities<\/a><\/strong> a \u0153uvr\u00e9 \u00e0 la r\u00e9duction de l&rsquo;utilisation des voitures priv\u00e9es dans nos plus grandes villes.<\/p>\n<p><strong>Le 21 novembre prochain, lors d&rsquo;un colloque en ligne ouvert \u00e0 tous (sur inscription), nous r\u00e9unissons les dirigeants de ces 3 villes embl\u00e9matiques pour pr\u00e9senter leurs r\u00e9alisations, leurs projets politiques mais aussi notre vision de la ville de demain pour passer \u00e0 la vitesse sup\u00e9rieure.<\/strong><\/p>\n<p>Participez \u00e0 la vision d&rsquo;un futur sans voiture et posez vos questions aux intervenants<\/p>\n<p><strong><a href=\"https:\/\/www.carfreemegacities.org\/fr\/les-nouvelles\/bfxexj7b64dv3pzo6cauf4sjev2le5\" target=\"_blank\" rel=\"noopener\" data-saferedirecturl=\"https:\/\/www.google.com\/url?q=https:\/\/www.carfreemegacities.org\/fr\/les-nouvelles\/bfxexj7b64dv3pzo6cauf4sjev2le5&amp;source=gmail&amp;ust=1667589520772000&amp;usg=AOvVaw1QWcnYW5wyplN7QQGEAHMW\">Car Free Megacities : Visions For The Future<\/a> (M\u00e9gapoles Sans Voitures: Visions Pour l&rsquo;Avenir).<\/strong><\/p>\n<p><strong><a href=\"https:\/\/action.wearepossible.org\/page\/115629\/subscribe\/1\" target=\"_blank\" rel=\"noopener\"><em>Inscrivez-vous ici<\/em><\/a> pour assister au webinaire.<\/strong> (Nous vous enverrons les instructions compl\u00e8tes pour vous connecter le 21 novembre)<\/p>\n<p class=\"\"><strong>Date <\/strong>: Lundi 21 novembre 2022<\/p>\n<p class=\"\"><strong>Heure <\/strong>: 16h \u00e0 17h30 heure de Paris (15h \u00e0 16h30 heure au Royaume-Uni, 10h \u00e0 11h30 heure de New York)<\/p>\n<p class=\"\"><strong>Intervenants <\/strong>:<\/p>\n<ul data-rte-list=\"default\">\n<li>\n<p class=\"\"><strong>David Belliard<\/strong>, adjoint \u00e0 la maire de Paris charg\u00e9 de la transformation de l\u2019espace public, des transports, des mobilit\u00e9s, du code de la rue et de la voirie<\/p>\n<\/li>\n<li>\n<p class=\"\"><strong>Seb Dance<\/strong>, adjoint au maire de Londres pour les transports<\/p>\n<\/li>\n<li>\n<p class=\"\"><strong>Ydanis Rodriguez<\/strong>, commissaire du d\u00e9partement des transports \u00e0 New York<\/p>\n<\/li>\n<li>\n<p class=\"\"><strong>Doug Gordon<\/strong>, co-animateur du podcast \u00ab\u00a0The War On Cars\u00a0\u00bb (\u00ab\u00a0La Guerre Aux Voitures\u00a0\u00bb)<\/p>\n<\/li>\n<li>\n<p class=\"\"><strong>Hirra Khan Adeogun<\/strong>, directrice de la campagne \u00ab\u00a0Car Free Megacities\u00a0\u00bb (M\u00e9gapoles Sans Voitures\u00a0\u00bb<\/p>\n<\/li>\n<li>\n<p class=\"\"><strong>Cathy Lamri<\/strong>, co-pr\u00e9sidente de Paris sans voiture, co-cr\u00e9atrice de \u00ab\u00a0La Voie est Libre\u00a0\u00bb<\/p>\n<\/li>\n<li>\n<p class=\"\"><strong>Andrew Simms<\/strong>, co-directeur du New Weather Institute<\/p>\n<\/li>\n<\/ul>\n<p class=\"\">Il s&rsquo;agit d&rsquo;une occasion unique <strong>d&rsquo;entendre les pr\u00e9curseurs d&rsquo;un futur sans voiture<\/strong> dans chacune de ces m\u00e9gapoles, et de<strong> leur poser directement vos questions.<\/strong><\/p>\n<p class=\"\">A cette occasion vous d\u00e9couvrirez <strong>nos visions d&rsquo;un lieu embl\u00e9matique de chaque ville<\/strong>, sans l&#8217;emprise actuelle de la voiture individuelle et <strong>un sondage exclusif sur l&rsquo;attitude des habitants face \u00e0 la fin de la d\u00e9pendance \u00e0 la voiture.<\/strong><\/p>\n","protected":false},"excerpt":{"rendered":"<p>Imaginez, \u00e0 Paris, la place de La Concorde r\u00e9invent\u00e9e par des citoyens, des \u00e9tudiant.es, militant.es pour le climat et la biodiversit\u00e9, des cyclistes, des jardinier.es, des urbanistes&#8230; tous.tes engag\u00e9.es pour <a class=\"more-link\" href=\"https:\/\/carfree.fr\/index.php\/2022\/11\/07\/paris-londres-new-york-visions-pour-un-avenir-sans-voiture\/\">Lire la suite&#8230;<\/a><\/p>\n","protected":false},"author":1688,"featured_media":45177,"comment_status":"open","ping_status":"closed","sticky":false,"template":"","format":"standard","meta":[],"categories":[73,9,8,7,70,3],"tags":[416,15,96,100,532,106,94,34],"views":14136,"_links":{"self":[{"href":"https:\/\/carfree.fr\/index.php\/wp-json\/wp\/v2\/posts\/45170"}],"collection":[{"href":"https:\/\/carfree.fr\/index.php\/wp-json\/wp\/v2\/posts"}],"about":[{"href":"https:\/\/carfree.fr\/index.php\/wp-json\/wp\/v2\/types\/post"}],"author":[{"embeddable":true,"href":"https:\/\/carfree.fr\/index.php\/wp-json\/wp\/v2\/users\/1688"}],"replies":[{"embeddable":true,"href":"https:\/\/carfree.fr\/index.php\/wp-json\/wp\/v2\/comments?post=45170"}],"version-history":[{"count":0,"href":"https:\/\/carfree.fr\/index.php\/wp-json\/wp\/v2\/posts\/45170\/revisions"}],"wp:featuredmedia":[{"embeddable":true,"href":"https:\/\/carfree.fr\/index.php\/wp-json\/wp\/v2\/media\/45177"}],"wp:attachment":[{"href":"https:\/\/carfree.fr\/index.php\/wp-json\/wp\/v2\/media?parent=45170"}],"wp:term":[{"taxonomy":"category","embeddable":true,"href":"https:\/\/carfree.fr\/index.php\/wp-json\/wp\/v2\/categories?post=45170"},{"taxonomy":"post_tag","embeddable":true,"href":"https:\/\/carfree.fr\/index.php\/wp-json\/wp\/v2\/tags?post=45170"}],"curies":[{"name":"wp","href":"https:\/\/api.w.org\/{rel}","templated":true}]}}