{"id":45217,"date":"2023-01-06T09:28:22","date_gmt":"2023-01-06T08:28:22","guid":{"rendered":"http:\/\/carfree.fr\/?p=45217"},"modified":"2023-01-10T15:00:36","modified_gmt":"2023-01-10T14:00:36","slug":"virage-vers-le-futur-une-video-pour-debattre-de-la-mobilite-en-milieu-rural","status":"publish","type":"post","link":"https:\/\/carfree.fr\/index.php\/2023\/01\/06\/virage-vers-le-futur-une-video-pour-debattre-de-la-mobilite-en-milieu-rural\/","title":{"rendered":"Virage vers le futur : une vid\u00e9o pour d\u00e9battre de la mobilit\u00e9 en milieu rural"},"content":{"rendered":"<p>Dans nos campagnes, \u00e7a bouge aussi : en Aveyron, un collectif d&rsquo;associations met \u00e0 disposition la vid\u00e9o \u00ab\u00a0Virage vers le futur\u00a0\u00bb. R\u00e9alis\u00e9e avec 6 associations locales (Canop\u00e9e 12, ADOC, INV\u2019D, les Cyclo Motiv\u00e9s, l\u2019Auberge Espalionne, Le labo d\u2019aqui), cette vid\u00e9o pr\u00e9sente les solutions existantes souvent m\u00e9connues, des t\u00e9moignages, des exp\u00e9riences innovantes, des pistes de r\u00e9flexion et des id\u00e9es \u00e0 mettre en \u0153uvre pour limiter l\u2019utilisation de la voiture individuelle. <!--more--><\/p>\n<p>La vid\u00e9o montre comment des solutions simples comme le partage de v\u00e9hicule, auto-stop organis\u00e9, et autres dispositifs peuvent non seulement participer \u00e0 la r\u00e9duction des \u00e9missions de gaz \u00e0 effet de serre, mais aussi cr\u00e9er du lien social entre les habitants de notre territoire et susciter de l\u2019enthousiasme \u00e0 pratiquer les d\u00e9placements autrement que seul dans son v\u00e9hicule.<\/p>\n<p>Cette vid\u00e9o est utilisable par toutes et tous. Vous pouvez l&rsquo;utiliser comme support de d\u00e9bat sur le th\u00e8me des alternatives \u00e0 la voiture individuelle pour la mobilit\u00e9 en milieu rural. Elle est faite \u00e0 partir de 100% de t\u00e9moignages et d&rsquo;images du terroir aveyronnais! Accents chantants et beaux paysages garantis. Le th\u00e8me est bien s\u00fbr transposable \u00e0 tous les territoires.<\/p>\n<p><a href=\"https:\/\/virageverslefutur.fr\/\" rel=\"noopener\" target=\"_blank\">https:\/\/virageverslefutur.fr\/<\/a>\u00a0<\/p>\n<p>Bon visionnage et bon d\u00e9bat.<br \/>\nJacques S<\/p>\n","protected":false},"excerpt":{"rendered":"<p>Dans nos campagnes, \u00e7a bouge aussi : en Aveyron, un collectif d&rsquo;associations met \u00e0 disposition la vid\u00e9o \u00ab\u00a0Virage vers le futur\u00a0\u00bb. R\u00e9alis\u00e9e avec 6 associations locales (Canop\u00e9e 12, ADOC, INV\u2019D, <a class=\"more-link\" href=\"https:\/\/carfree.fr\/index.php\/2023\/01\/06\/virage-vers-le-futur-une-video-pour-debattre-de-la-mobilite-en-milieu-rural\/\">Lire la suite&#8230;<\/a><\/p>\n","protected":false},"author":1702,"featured_media":45224,"comment_status":"open","ping_status":"closed","sticky":false,"template":"","format":"standard","meta":[],"categories":[4,1223,9,8,7],"tags":[62,326,184,1823,103,99,134,648],"views":11709,"_links":{"self":[{"href":"https:\/\/carfree.fr\/index.php\/wp-json\/wp\/v2\/posts\/45217"}],"collection":[{"href":"https:\/\/carfree.fr\/index.php\/wp-json\/wp\/v2\/posts"}],"about":[{"href":"https:\/\/carfree.fr\/index.php\/wp-json\/wp\/v2\/types\/post"}],"author":[{"embeddable":true,"href":"https:\/\/carfree.fr\/index.php\/wp-json\/wp\/v2\/users\/1702"}],"replies":[{"embeddable":true,"href":"https:\/\/carfree.fr\/index.php\/wp-json\/wp\/v2\/comments?post=45217"}],"version-history":[{"count":0,"href":"https:\/\/carfree.fr\/index.php\/wp-json\/wp\/v2\/posts\/45217\/revisions"}],"wp:featuredmedia":[{"embeddable":true,"href":"https:\/\/carfree.fr\/index.php\/wp-json\/wp\/v2\/media\/45224"}],"wp:attachment":[{"href":"https:\/\/carfree.fr\/index.php\/wp-json\/wp\/v2\/media?parent=45217"}],"wp:term":[{"taxonomy":"category","embeddable":true,"href":"https:\/\/carfree.fr\/index.php\/wp-json\/wp\/v2\/categories?post=45217"},{"taxonomy":"post_tag","embeddable":true,"href":"https:\/\/carfree.fr\/index.php\/wp-json\/wp\/v2\/tags?post=45217"}],"curies":[{"name":"wp","href":"https:\/\/api.w.org\/{rel}","templated":true}]}}