{"id":45240,"date":"2023-01-18T14:28:59","date_gmt":"2023-01-18T13:28:59","guid":{"rendered":"http:\/\/carfree.fr\/?p=45240"},"modified":"2023-01-18T14:28:59","modified_gmt":"2023-01-18T13:28:59","slug":"contre-ecrou-6","status":"publish","type":"post","link":"https:\/\/carfree.fr\/index.php\/2023\/01\/18\/contre-ecrou-6\/","title":{"rendered":"Contre-\u00e9crou 6"},"content":{"rendered":"<p>Voici le sixi\u00e8me opus du fanzine v\u00e9lorutionnaire Contre-\u00e9crou \u00e9dit\u00e9 du c\u00f4t\u00e9 de Saint-Brieuc en Bretagne par le collectif Presse-cuvettes. Ce sixi\u00e8me num\u00e9ro est exclusivement \u00e9crit et dessin\u00e9 par des femmes. <!--more--><\/p>\n<p>Dans ce num\u00e9ro vous trouverez en effet des articles juste \u00e9crits par des femmes. Et aussi des coups de gueule de femmes qui voudraient juste avoir leur place. Rien de plus li\u00e9 au v\u00e9lo que ce mot: \u00ab\u00a0LA PLACE.\u00a0\u00bb La place publique, la place dans la soci\u00e9t\u00e9. Se d\u00e9placer aussi. Le v\u00e9lo est bien l&rsquo;outil libertaire et \u00e9galitaire par excellence, qui permit jadis aux femmes de sortir de la place, domestique, qu&rsquo;on leur assignait. C&rsquo;est aussi, nous en sommes persuad\u00e9-es, l&rsquo;outil du futur.<\/p>\n<p>Alors TOUS-TES en SELLE et bonne lecture.<\/p>\n<p>Le Collectif Presse-cuvettes<\/p>\n<p><em>Le prix de Contre-\u00e9crou est libre, on donne ce qu\u2019on veut \u00e0 partir du moment o\u00f9 cela d\u00e9passe 1 euro, le co\u00fbt de fabrication. Pour obtenir un num\u00e9ro et contacter Contre-\u00e9crou, c\u2019est ici: contre-ecrou at mailo.com<\/em><\/p>\n","protected":false},"excerpt":{"rendered":"<p>Voici le sixi\u00e8me opus du fanzine v\u00e9lorutionnaire Contre-\u00e9crou \u00e9dit\u00e9 du c\u00f4t\u00e9 de Saint-Brieuc en Bretagne par le collectif Presse-cuvettes. Ce sixi\u00e8me num\u00e9ro est exclusivement \u00e9crit et dessin\u00e9 par des femmes.<\/p>\n","protected":false},"author":168,"featured_media":45241,"comment_status":"open","ping_status":"closed","sticky":false,"template":"","format":"standard","meta":[],"categories":[4,7],"tags":[1827,263,572,1664,113],"views":11057,"_links":{"self":[{"href":"https:\/\/carfree.fr\/index.php\/wp-json\/wp\/v2\/posts\/45240"}],"collection":[{"href":"https:\/\/carfree.fr\/index.php\/wp-json\/wp\/v2\/posts"}],"about":[{"href":"https:\/\/carfree.fr\/index.php\/wp-json\/wp\/v2\/types\/post"}],"author":[{"embeddable":true,"href":"https:\/\/carfree.fr\/index.php\/wp-json\/wp\/v2\/users\/168"}],"replies":[{"embeddable":true,"href":"https:\/\/carfree.fr\/index.php\/wp-json\/wp\/v2\/comments?post=45240"}],"version-history":[{"count":0,"href":"https:\/\/carfree.fr\/index.php\/wp-json\/wp\/v2\/posts\/45240\/revisions"}],"wp:featuredmedia":[{"embeddable":true,"href":"https:\/\/carfree.fr\/index.php\/wp-json\/wp\/v2\/media\/45241"}],"wp:attachment":[{"href":"https:\/\/carfree.fr\/index.php\/wp-json\/wp\/v2\/media?parent=45240"}],"wp:term":[{"taxonomy":"category","embeddable":true,"href":"https:\/\/carfree.fr\/index.php\/wp-json\/wp\/v2\/categories?post=45240"},{"taxonomy":"post_tag","embeddable":true,"href":"https:\/\/carfree.fr\/index.php\/wp-json\/wp\/v2\/tags?post=45240"}],"curies":[{"name":"wp","href":"https:\/\/api.w.org\/{rel}","templated":true}]}}