{"id":45297,"date":"2023-02-24T11:47:52","date_gmt":"2023-02-24T10:47:52","guid":{"rendered":"http:\/\/carfree.fr\/?p=45297"},"modified":"2023-10-03T15:24:38","modified_gmt":"2023-10-03T14:24:38","slug":"pour-la-fin-de-limpunite","status":"publish","type":"post","link":"https:\/\/carfree.fr\/index.php\/2023\/02\/24\/pour-la-fin-de-limpunite\/","title":{"rendered":"Pour la fin de l&rsquo;impunit\u00e9"},"content":{"rendered":"<p>\u00ab\u00a0<em>Nous mettrons fin \u00e0 l&rsquo;impunit\u00e9 de ces dangereux pourfendeurs de la route<\/em>\u00a0\u00bb a d\u00e9clar\u00e9 triomphalement le ministre des transports, annon\u00e7ant l&rsquo;introduction prochaine de l&rsquo;obligation du port du casque \u00e0 v\u00e9lo, de la plaque d&rsquo;immatriculation pour tous les v\u00e9los et de la n\u00e9cessit\u00e9 de d\u00e9poser en pr\u00e9fecture une caution ad\u00e9quate pour tous les cyclistes qui souhaitent continuer \u00e0 utiliser leurs dangereux v\u00e9hicules. Le ministre a ajout\u00e9 que \u00ab\u00a0<em>cela n&rsquo;est que le premier pas vers la s\u00e9curisation d\u00e9finitive de la mobilit\u00e9 urbaine.<\/em>\u00a0\u00bb <!--more--><\/p>\n<p>Apr\u00e8s ces quelques mesures de bon sens pour les cyclistes, d&rsquo;autres mesures sont en effet annonc\u00e9es, \u00e9labor\u00e9es avec les techniciens du minist\u00e8re des Transports, visant cette fois les pi\u00e9tons. Voyons en d\u00e9tail de quoi il s&rsquo;agit :<\/p>\n<ul>\n<li>Investissements obligatoires : port obligatoire du casque et du gilet airbag pour pi\u00e9ton, ainsi que des feux avant et arri\u00e8re \u00e0 porter la nuit et par temps de brouillard (la m\u00e9thode d&rsquo;installation sera pr\u00e9cis\u00e9e par une r\u00e9glementation sp\u00e9ciale du minist\u00e8re des Transports);<\/li>\n<li>Travers\u00e9es s\u00fbres : afin de r\u00e9duire l&rsquo;utilisation immod\u00e9r\u00e9e des passages par les pi\u00e9tons, qui, selon le minist\u00e8re, est la premi\u00e8re cause de dommages aux carrosseries des voitures, la mention \u00ab\u00a0Traverser nuit gravement \u00e0 votre sant\u00e9: faites-le avec mod\u00e9ration\u00a0\u00bb sera plac\u00e9e au d\u00e9but de chaque passage pi\u00e9ton;<\/li>\n<li>S\u00e9curit\u00e9 des enfants : les mineurs jusqu&rsquo;\u00e0 8 ans ne pourront d\u00e9sormais circuler que s&rsquo;ils sont solidement attach\u00e9s \u00e0 une poussette ou \u00e0 un dispositif \u00e0 roues similaire; les mineurs \u00e2g\u00e9s de 8 \u00e0 14 ans ne pourront marcher sur les trottoirs que s&rsquo;ils sont reli\u00e9s \u00e0 un adulte accompagnateur au moyen d&rsquo;une laisse d&rsquo;une longueur maximale de 1,5 m\u00e8tre et d&rsquo;un collier \u00e9trangleur (les laisses virtuelles de type taser sont encore en cours d&rsquo;approbation par le minist\u00e8re);<\/li>\n<li>Personnes \u00e2g\u00e9es responsables : en plus des dispositions ci-dessus, les personnes \u00e2g\u00e9es de plus de 60 ans devront prouver, pour pouvoir circuler sur la voie publique, qu&rsquo;elles peuvent atteindre la vitesse minimale de travers\u00e9e s\u00fbre, fix\u00e9e par les techniciens minist\u00e9riels \u00e0 5 km\/h au moins. Des examens annuels d&rsquo;aptitude psychophysique sont donc pr\u00e9vus dans des ateliers agr\u00e9\u00e9s, \u00e9quip\u00e9s de tapis roulants homologu\u00e9s par le minist\u00e8re des transports, et donc s\u00fbrs;<\/li>\n<li>Des semelles s\u00fbres : au nom du partage de l&rsquo;espace, l&rsquo;utilisation des trottoirs pour laisser chier les chiens est lib\u00e9ralis\u00e9e, mais seulement s&rsquo;ils p\u00e8sent moins de 50 kg. Les pi\u00e9tons pourront s&rsquo;\u00e9quiper de balises acoustiques bas\u00e9es sur des capteurs olfactifs, non approuv\u00e9s par le minist\u00e8re, pour identifier des itin\u00e9raires adapt\u00e9s. Et nous verrons ensuite s&rsquo;ils ont toujours envie de marcher&#8230;<\/li>\n<\/ul>\n<p>Source: <a href=\"https:\/\/www.bikeitalia.it\/2023\/02\/23\/pedalate-in-faccia-salvini-targa-e-frecce-sulle-bici-saranno-solo-inizio\/\" rel=\"noopener\" target=\"_blank\">https:\/\/www.bikeitalia.it\/2023\/02\/23\/pedalate-in-faccia-salvini-targa-e-frecce-sulle-bici-saranno-solo-inizio\/<\/a><\/p>\n","protected":false},"excerpt":{"rendered":"<p>\u00ab\u00a0Nous mettrons fin \u00e0 l&rsquo;impunit\u00e9 de ces dangereux pourfendeurs de la route\u00a0\u00bb a d\u00e9clar\u00e9 triomphalement le ministre des transports, annon\u00e7ant l&rsquo;introduction prochaine de l&rsquo;obligation du port du casque \u00e0 v\u00e9lo, <a class=\"more-link\" href=\"https:\/\/carfree.fr\/index.php\/2023\/02\/24\/pour-la-fin-de-limpunite\/\">Lire la suite&#8230;<\/a><\/p>\n","protected":false},"author":37,"featured_media":45298,"comment_status":"open","ping_status":"closed","sticky":false,"template":"","format":"standard","meta":[],"categories":[4,73,9,7],"tags":[1709,646,588,846,93,135,101,287,744,1664],"views":9023,"_links":{"self":[{"href":"https:\/\/carfree.fr\/index.php\/wp-json\/wp\/v2\/posts\/45297"}],"collection":[{"href":"https:\/\/carfree.fr\/index.php\/wp-json\/wp\/v2\/posts"}],"about":[{"href":"https:\/\/carfree.fr\/index.php\/wp-json\/wp\/v2\/types\/post"}],"author":[{"embeddable":true,"href":"https:\/\/carfree.fr\/index.php\/wp-json\/wp\/v2\/users\/37"}],"replies":[{"embeddable":true,"href":"https:\/\/carfree.fr\/index.php\/wp-json\/wp\/v2\/comments?post=45297"}],"version-history":[{"count":0,"href":"https:\/\/carfree.fr\/index.php\/wp-json\/wp\/v2\/posts\/45297\/revisions"}],"wp:featuredmedia":[{"embeddable":true,"href":"https:\/\/carfree.fr\/index.php\/wp-json\/wp\/v2\/media\/45298"}],"wp:attachment":[{"href":"https:\/\/carfree.fr\/index.php\/wp-json\/wp\/v2\/media?parent=45297"}],"wp:term":[{"taxonomy":"category","embeddable":true,"href":"https:\/\/carfree.fr\/index.php\/wp-json\/wp\/v2\/categories?post=45297"},{"taxonomy":"post_tag","embeddable":true,"href":"https:\/\/carfree.fr\/index.php\/wp-json\/wp\/v2\/tags?post=45297"}],"curies":[{"name":"wp","href":"https:\/\/api.w.org\/{rel}","templated":true}]}}