{"id":45348,"date":"2023-03-29T10:04:56","date_gmt":"2023-03-29T09:04:56","guid":{"rendered":"http:\/\/carfree.fr\/?p=45348"},"modified":"2023-03-29T10:04:56","modified_gmt":"2023-03-29T09:04:56","slug":"latelier-des-miracles-velo-couture-auto-reparation","status":"publish","type":"post","link":"https:\/\/carfree.fr\/index.php\/2023\/03\/29\/latelier-des-miracles-velo-couture-auto-reparation\/","title":{"rendered":"L&rsquo;atelier des Miracles, v\u00e9lo, couture &#038; auto-r\u00e9paration"},"content":{"rendered":"<p><em>L&rsquo;atelier des Miracles<\/em> est un livre de Benjamin Pichot-Garcia publi\u00e9 en 2023 aux \u00e9ditions des Trois Canards. Le titre complet est <em>L&rsquo;atelier des Miracles, v\u00e9lo, couture &amp; auto-r\u00e9paration. Les activit\u00e9s cach\u00e9es d&rsquo;un atelier participatif et solidaire. <\/em>Il est la version am\u00e9lior\u00e9e, retravaill\u00e9e et compl\u00e9t\u00e9e d&rsquo;un m\u00e9moire r\u00e9alis\u00e9 \u00e0 l&rsquo;universit\u00e9 de Rennes dans le cadre du Dipl\u00f4me Universitaire Education Populaire et Transformation Sociale, \u00e0 l&rsquo;\u00e9poque le m\u00e9moire s&rsquo;appelait <em>R\u00e9cup&rsquo;R \u00ab\u00a0un atelier participatif et solidaire de v\u00e9lo et de couture, ce n&rsquo;est pas que du v\u00e9lo et de la couture!\u00a0\u00bb(M\u00e9moire sur les activit\u00e9s cach\u00e9es de l&rsquo;atelier et beaucoup d&rsquo;autres choses<\/em> (Ce qui est un peu long!). Ce livre a \u00e9t\u00e9 r\u00e9alis\u00e9 en collaboration avec Guillaume Sabin ethnologue, enseignant-chercheur, auteur de L&rsquo;Archipel des \u00c9gaux, luttes en terre argentine et de La Joie du dehors, essai de p\u00e9dagogie sociale. Il en signe d&rsquo;ailleurs la pr\u00e9face. <!--more--><\/p>\n<p>L\u2019Atelier des Miracles raconte le quotidien d\u2019un atelier d\u2019auto-r\u00e9paration de v\u00e9lo et de couture. Ces deux activit\u00e9s, d\u2019apparence inoffensives, -si elles sont pratiqu\u00e9es en collectif-, ne tardent pas \u00e0 devenir subversives car elles conduisent \u00e0 penser et \u00e0 agir sur des probl\u00e9matiques plus vastes: r\u00e9duction\/production des d\u00e9chets, autonomisation\/fragilit\u00e9 des personnes, solidarit\u00e9\/exclusion, d\u00e9litement des services publics\/privatisations, responsabilit\u00e9\/place de chacun-e dans la t\u00e2che de nettoyer le Monde\u2026<\/p>\n<p>Dans une p\u00e9riode d\u2019acc\u00e9l\u00e9ration, o\u00f9 les catastrophes politiques et environnementales se succ\u00e8dent, il est question d\u2019un lieu o\u00f9 souvent \u00e0 l\u2019abri des regards, des personnes s\u2019activent, avec calme et d\u00e9termination, pour r\u00e9aliser ce qu\u2019elles pensent juste. Loin des discours et des d\u00e9clarations grandiloquentes, elles am\u00e9liorent leurs quotidiens: raccommodent leurs affaires, r\u00e9parent leurs v\u00e9los, se soutiennent, partagent leurs bonnes id\u00e9es, s\u2019investissent pour leur quartier&#8230; Et, par ce geste-r\u00e9flexe de la r\u00e9paration et de l\u2019auto-r\u00e9paration r\u00e9ussissent \u00e0 se r\u00e9approprier leurs vies et \u00e0 rendre leur univers un peu plus vivable.<\/p>\n<p>Cette belle histoire pourrait \u00eatre un conte destin\u00e9 aux enfants ou une douce illusion que les adultes se raconteraient pour se d\u00e9tourner des temps de haine et de repli sur soi que chaque jour les m\u00e9dias pr\u00e9disent. Elle pourrait \u00e9galement \u00eatre une m\u00e9taphore de la r\u00e9sistance contre les attaques n\u00e9olib\u00e9rales qui d\u00e9vorent notre soci\u00e9t\u00e9. Mais n\u2019en d\u00e9plaise aux pessimistes et aux grincheux, cet atelier existe bien! Et, il n\u2019est pas seul! D\u2019autres existent, essaiment, sans bruit, se f\u00e9d\u00e8rent, s\u2019entraident, frayant leur chemin en dehors des canons institutionnels, \u00e9cologiques, militants, entrepreneuriaux, m\u00ealant \u00e9cologie et solidarit\u00e9, en y ajoutant beaut\u00e9 et dignit\u00e9!<\/p>\n<p>Le livre est vendu 12 euros dans les bonnes librairie et les bons ateliers d&rsquo;auto-r\u00e9paration. Sinon, pour l&rsquo;acqu\u00e9rir, il suffit d&rsquo;\u00e9crire un mail \u00e0 Chasse-Goupille[at]hotmail.com<\/p>\n<p><a href=\"https:\/\/wiklou.org\/wiki\/L%27atelier_des_Miracles\" target=\"_blank\" rel=\"noopener\"><img decoding=\"async\" loading=\"lazy\" class=\"alignnone size-full wp-image-45350\" src=\"http:\/\/carfree.fr\/img\/2023\/03\/couverture_atelier_des_miracles.jpg\" alt=\"\" width=\"200\" height=\"283\" \/><\/a><\/p>\n<p>Vous trouverez davantage d&rsquo;infos sur le contenu sur le lien suivant: <a href=\"https:\/\/wiklou.org\/wiki\/L%27atelier_des_Miracles\" target=\"_blank\" rel=\"noopener\">https:\/\/wiklou.org\/wiki\/L%27atelier_des_Miracles<\/a><\/p>\n","protected":false},"excerpt":{"rendered":"<p>L&rsquo;atelier des Miracles est un livre de Benjamin Pichot-Garcia publi\u00e9 en 2023 aux \u00e9ditions des Trois Canards. Le titre complet est L&rsquo;atelier des Miracles, v\u00e9lo, couture &amp; auto-r\u00e9paration. Les activit\u00e9s <a class=\"more-link\" href=\"https:\/\/carfree.fr\/index.php\/2023\/03\/29\/latelier-des-miracles-velo-couture-auto-reparation\/\">Lire la suite&#8230;<\/a><\/p>\n","protected":false},"author":1694,"featured_media":45349,"comment_status":"open","ping_status":"closed","sticky":false,"template":"","format":"standard","meta":[],"categories":[4,17,7],"tags":[62,890,1665,1664],"views":9600,"_links":{"self":[{"href":"https:\/\/carfree.fr\/index.php\/wp-json\/wp\/v2\/posts\/45348"}],"collection":[{"href":"https:\/\/carfree.fr\/index.php\/wp-json\/wp\/v2\/posts"}],"about":[{"href":"https:\/\/carfree.fr\/index.php\/wp-json\/wp\/v2\/types\/post"}],"author":[{"embeddable":true,"href":"https:\/\/carfree.fr\/index.php\/wp-json\/wp\/v2\/users\/1694"}],"replies":[{"embeddable":true,"href":"https:\/\/carfree.fr\/index.php\/wp-json\/wp\/v2\/comments?post=45348"}],"version-history":[{"count":0,"href":"https:\/\/carfree.fr\/index.php\/wp-json\/wp\/v2\/posts\/45348\/revisions"}],"wp:featuredmedia":[{"embeddable":true,"href":"https:\/\/carfree.fr\/index.php\/wp-json\/wp\/v2\/media\/45349"}],"wp:attachment":[{"href":"https:\/\/carfree.fr\/index.php\/wp-json\/wp\/v2\/media?parent=45348"}],"wp:term":[{"taxonomy":"category","embeddable":true,"href":"https:\/\/carfree.fr\/index.php\/wp-json\/wp\/v2\/categories?post=45348"},{"taxonomy":"post_tag","embeddable":true,"href":"https:\/\/carfree.fr\/index.php\/wp-json\/wp\/v2\/tags?post=45348"}],"curies":[{"name":"wp","href":"https:\/\/api.w.org\/{rel}","templated":true}]}}