{"id":45589,"date":"2023-09-12T15:18:56","date_gmt":"2023-09-12T14:18:56","guid":{"rendered":"http:\/\/carfree.fr\/?p=45589"},"modified":"2023-09-12T15:27:53","modified_gmt":"2023-09-12T14:27:53","slug":"la-velo-revolution-histoire-dun-objet-en-pieces-detachees","status":"publish","type":"post","link":"https:\/\/carfree.fr\/index.php\/2023\/09\/12\/la-velo-revolution-histoire-dun-objet-en-pieces-detachees\/","title":{"rendered":"La V\u00e9lo-R\u00e9volution : histoire d\u2019un objet en pi\u00e8ces d\u00e9tach\u00e9es"},"content":{"rendered":"<p>Pour la s\u00e9rie documentaire (LSD) sur France Culture, Julie Navarre propose un voyage \u00e0 bicyclette de 1817 \u00e0 nos jours. Tour \u00e0 tour, moyen de transport, loisir ou sport mais aussi art de vivre, le v\u00e9lo est devenu aujourd\u2019hui, le symbole d\u2019une transition n\u00e9cessaire face \u00e0 l\u2019urgence climatique. <!--more--><\/p>\n<p>Dans \u00ab La V\u00e9lo-r\u00e9volution \u00bb se rencontrent, inventions techniques, voyages, qu\u00eate de performance, urbanisme, Tour de France, design et \u00e9co-philosophie. Remontant le fil du temps, chaque volet aborde l\u2019histoire de ces machines r\u00e9volutionnaires, ainsi que ses usages sans cesse r\u00e9invent\u00e9s : loisir, moyen de transport, sport, mais aussi art de vivre, le v\u00e9lo est devenu aujourd\u2019hui, le symbole d\u2019une transition n\u00e9cessaire face \u00e0 l\u2019urgence climatique. Comment ces histoires collectives et singuli\u00e8res autour de ce mode de d\u00e9placement, viennent questionner notre rapport \u00e0 l\u2019autre et au monde? La v\u00e9lo-r\u00e9volution est-elle en route?<\/p>\n<p><strong>\u00c9missions sur le v\u00e9lo<\/strong><\/p>\n<p>Cette semaine, le v\u00e9lo et son histoire (ses histoires, m\u00eame) sont \u00e0 l&rsquo;honneur sur France Culture, dans La S\u00e9rie documentaire, en quatre \u00e9pisodes de une heure chacun: <\/p>\n<p><strong>1. Et le bicycle fut !<\/strong><br \/>\nDe la draisienne \u00e0 la bicyclette, ce volet retrace les origines des objets-v\u00e9los jusqu\u2019au d\u00e9but du XX\u00e8me si\u00e8cle. Du v\u00e9locip\u00e8de en passant par le Grand-bi puis le v\u00e9lo de s\u00e9curit\u00e9, sa transformation a influenc\u00e9 ses usages successifs et inversement. <\/p>\n<p><strong>2. Essor, d\u00e9clin et renouveau<\/strong><br \/>\nLes transformations de la bicyclette se poursuivent, et sa forme se stabilise pour plusieurs d\u00e9cennies. L\u2019industrie du cycle fran\u00e7ais conna\u00eet successivement son apog\u00e9e et son effondrement. Pour les nouveaux acteurs qui le con\u00e7oivent et le fabriquent aujourd\u2019hui, le d\u00e9fi est immense.<\/p>\n<p><strong>3. La transition cyclable<\/strong><br \/>\nVisite sur ces territoires o\u00f9 a d\u00e9but\u00e9 la transition cyclable. De Strasbourg aux Pays-Bas en passant par Paris, nous traversons ces espaces, croisant la route d\u2019une communaut\u00e9 de cyclistes qui mettent en pratique cette \u00e9comobilit\u00e9.<\/p>\n<p><strong>4. Voyageurs tous terrains<\/strong><br \/>\nLe v\u00e9lo d\u00e8s ses origines a \u00e9t\u00e9 un moyen de parcourir le monde. Portraits crois\u00e9s, des pionniers aventuriers aux voyageurs et voyageuses d\u2019aujourd\u2019hui. Ou comment r\u00e9-enchanter l\u2019art de se d\u00e9placer avec un petit objet fait d\u2019un cadre et deux roues.<\/p>\n<p>Une s\u00e9rie documentaire de Julie Navarre r\u00e9alis\u00e9e par Jean-Philippe Navarre<\/p>\n<p><a href=\"https:\/\/www.radiofrance.fr\/franceculture\/podcasts\/serie-la-velo-revolution-histoire-d-un-objet-en-pieces-detachees\" rel=\"noopener\" target=\"_blank\">https:\/\/www.radiofrance.fr\/franceculture\/podcasts\/serie-la-velo-revolution-histoire-d-un-objet-en-pieces-detachees<\/a><\/p>\n","protected":false},"excerpt":{"rendered":"<p>Pour la s\u00e9rie documentaire (LSD) sur France Culture, Julie Navarre propose un voyage \u00e0 bicyclette de 1817 \u00e0 nos jours. Tour \u00e0 tour, moyen de transport, loisir ou sport mais <a class=\"more-link\" href=\"https:\/\/carfree.fr\/index.php\/2023\/09\/12\/la-velo-revolution-histoire-dun-objet-en-pieces-detachees\/\">Lire la suite&#8230;<\/a><\/p>\n","protected":false},"author":37,"featured_media":45590,"comment_status":"open","ping_status":"closed","sticky":false,"template":"","format":"standard","meta":[],"categories":[4,7],"tags":[657,198,1664,113],"views":7186,"_links":{"self":[{"href":"https:\/\/carfree.fr\/index.php\/wp-json\/wp\/v2\/posts\/45589"}],"collection":[{"href":"https:\/\/carfree.fr\/index.php\/wp-json\/wp\/v2\/posts"}],"about":[{"href":"https:\/\/carfree.fr\/index.php\/wp-json\/wp\/v2\/types\/post"}],"author":[{"embeddable":true,"href":"https:\/\/carfree.fr\/index.php\/wp-json\/wp\/v2\/users\/37"}],"replies":[{"embeddable":true,"href":"https:\/\/carfree.fr\/index.php\/wp-json\/wp\/v2\/comments?post=45589"}],"version-history":[{"count":0,"href":"https:\/\/carfree.fr\/index.php\/wp-json\/wp\/v2\/posts\/45589\/revisions"}],"wp:featuredmedia":[{"embeddable":true,"href":"https:\/\/carfree.fr\/index.php\/wp-json\/wp\/v2\/media\/45590"}],"wp:attachment":[{"href":"https:\/\/carfree.fr\/index.php\/wp-json\/wp\/v2\/media?parent=45589"}],"wp:term":[{"taxonomy":"category","embeddable":true,"href":"https:\/\/carfree.fr\/index.php\/wp-json\/wp\/v2\/categories?post=45589"},{"taxonomy":"post_tag","embeddable":true,"href":"https:\/\/carfree.fr\/index.php\/wp-json\/wp\/v2\/tags?post=45589"}],"curies":[{"name":"wp","href":"https:\/\/api.w.org\/{rel}","templated":true}]}}