{"id":45622,"date":"2023-11-20T08:12:54","date_gmt":"2023-11-20T07:12:54","guid":{"rendered":"http:\/\/carfree.fr\/?p=45622"},"modified":"2023-11-20T08:43:45","modified_gmt":"2023-11-20T07:43:45","slug":"lexcuse-des-autophobes","status":"publish","type":"post","link":"https:\/\/carfree.fr\/index.php\/2023\/11\/20\/lexcuse-des-autophobes\/","title":{"rendered":"L&rsquo;excuse des \u00ab\u00a0autophobes\u00a0\u00bb"},"content":{"rendered":"<p>La chronique criminelle aura bient\u00f4t \u00e0 enregistrer un nouveau genre de vendetta et avant peu vous apprendrez qu\u2019un passant qui au premier abord ne paraissait pas anim\u00e9 d&rsquo;intentions meurtri\u00e8res et que vous aviez peut-\u00eatre crois\u00e9 cent fois sans inconv\u00e9nient sur le m\u00eame chemin, vient de prendre pour cible un de ses concitoyens et s&rsquo;est efforc\u00e9 de lui loger dans le corps et en bonne place une ou deux balles de revolver. Sans aller plus loin et sans vous en dire davantage je vous avoue humblement que pour une fois j\u2019applaudirai un acte pareil, tout en souhaitant que l&rsquo;exemple ainsi brutalement donn\u00e9 emp\u00eache le retour des faits qui l\u2019auront provoqu\u00e9. <!--more--><\/p>\n<p>Mais il faut reconna\u00eetre qu\u2019en la circonstance le meurtrier que l\u2019on tra\u00eenera devant les tribunaux pour s\u2019\u00eatre fait justice ou pour avoir tent\u00e9 de se venger n\u2019aura pas tous les torts. Il faudra aussi avouer qu\u2019avant de recourir \u00e0 ce moyen extr\u00eame, le pauvre homme \u2014 et monsieur tout le monde avec lui \u2014 avait r\u00e9clam\u00e9, invoqu\u00e9, demand\u00e9 protection et signal\u00e9 aux autorit\u00e9s le danger qui le mena\u00e7ait lui et les siens. Or, ce danger, vous l\u2019avez tous couru et vous y \u00eates encore expos\u00e9 chaque jour, vous et vos enfants. Chaque jour, non seulement en traversant les routes nationales, mais aussi lorsque vous suivez le moindre chemin vicinal, vous \u00eates susceptible d&rsquo;\u00eatre \u00e9cras\u00e9, \u00e9crabouill\u00e9, r\u00e9duit en bouillie par des fous, par des criminels plut\u00f4t! Qui, leur coup fait, disparaissent dans un nuage de poussi\u00e8re.<\/p>\n<p>Oh ! les automobiles !&#8230; vous les avez tous vu passer, terribles, effrayants, lanc\u00e9s \u00e0 des vitesses incalculables, emportant des gens masqu\u00e9s qui passent incognito et fuiyent \u00e0 toute vitesse, semant partout la terreur et la mort. Chaque jour un fait nouveau augmente le triste bilan de leurs exploits, bilan insuffisant et manquant parait-t-il d&rsquo;\u00e9loquence, puisque personne n&rsquo;a encore song\u00e9 \u00e0 prendre les mesures rigoureuses indispensables pour nous d\u00e9fendre contre les \u00e9craseurs. <\/p>\n<p>Un lecteur parisien nous rapporte ainsi une sc\u00e8ne \u00e0 laquelle il a assist\u00e9: \u00ab Dimanche dernier dans la for\u00eat de Saint-Germain, \u00e0 la descente d\u2019Ach\u00e8res, j\u2019ai crois\u00e9 trois automobiles qui marchaient certainement \u00e0 la vitesse d\u2019un train express, soulevant des tourbillons de poussi\u00e8re, effrayant les chevaux, risquant d\u2019\u00e9craser les passants. Comme ils arrivaient \u00e0 la gare d\u2019Ach\u00e8res, deux trains man\u0153uvraient de sorte que les barri\u00e8res \u00e9taient ferm\u00e9es. Le premier automobile, arrivant \u00e0 toute vitesse, vint se heurter contre la barri\u00e8re et, tout aussit\u00f4t, le chauffeur interpella de la fa\u00e7on la plus grossi\u00e8re, le garde-barri\u00e8re qui n\u2019avait fait que son devoir. <\/p>\n<p>De l\u2019autre c\u00f4t\u00e9, se trouvaient trois voitures, dont deux conduites par de braves cultivateurs, et la mienne; nous attendions depuis dix minutes. Sit\u00f4t la barri\u00e8re ouverte, comme c\u2019\u00e9tait notre tour de passer, la premi\u00e8re voiture, charg\u00e9e de fumier s\u2019engagea sur la voie. Mais nos chauffeurs ne l\u2019entendent pas ainsi. Au m\u00e9pris des r\u00e8glements et des usages, contre toute prudence, ils poussent leur automobile en avant, de sorte que notre infortun\u00e9 paysan accroche en passant et que sa voiture est \u00e0 moiti\u00e9 d\u00e9molie. Ce beau coup fait, les chauffeurs s&rsquo;\u00e9loignent \u00e0 toute vitesse. <\/p>\n<p>Le m\u00eame soir, voici, d\u2019apr\u00e8s le Temps, l\u2019effroyable accident qu\u2019occasionnait encore un de ces fous dangereux: <\/p>\n<p>Un automobile, \u00e0 Bezons, a successivement bless\u00e9 gri\u00e8vement trois personnes et \u00e9cras\u00e9 une quatri\u00e8me. <\/p>\n<p>Cela fait, le chauffeur a redoubl\u00e9 de vitesse et a disparu. <\/p>\n<p>Il \u00e9tait onze heures et demie environ. Une charrette, mont\u00e9e par des habitants du pays, M. Duvivier et deux dames, s\u2019engageait sur le pont de Bezons. Le cheval allait au pas. Brusquement, \u00e0 toute vitesse, apparut un automobile qui heurta violemment la charrette et renversa. Les trois personnes furent jet\u00e9es sur le trottoir et toutes trois bless\u00e9es.<\/p>\n<p>A leurs cris, des habitants de Bezons accoururent et les transport\u00e8rent chez le pharmacien du pays qui leur donna les premiers soins. Un quart d&rsquo;heure apr\u00e8s on apportait chez le pharmacien une nouvelle victime. On venait de trouver, \u00e0 cinq cens m\u00e8tres au-del\u00e0 du pont, M. Husson baignant dans son sang, bless\u00e9, \u00e9vanoui. <\/p>\n<p>Lorsqu\u2019il fut revenu \u00e0 lui, il raconta que marchant au milieu de la chauss\u00e9e de crainte d\u2019une attaque nocturne, il avait brusquement vu fondre sur lui un automobile: il n\u2019avait pas eu le temps de se garer et tout aussit\u00f4t, il avait \u00e9t\u00e9 jet\u00e9 sur le sol et \u00e9cras\u00e9. Son \u00e9tat est grave. M. Husson est un habitant tr\u00e8s estim\u00e9 de Bezons o\u00f9 il habite la villa Gauthier. <\/p>\n<p>Eh bien! il faut franchement que cela finisse, ou comme je le disais en commen\u00e7ant, nous aurons prochainement \u00e0 enregistrer des drames. <\/p>\n<p>Le correspondant dont je parlais tout \u00e0 l\u2019heure n\u2019y va pas par quatre chemins, et il me dit textuellement: <\/p>\n<p>\u00ab Il faut que le gouvernement prenne de promptes mesures. Sinon, nous nous d\u00e9fendrons nous-m\u00eames; et nous r\u00e9pondrons \u00e0 coups de revolver aux fous furieux qui veulent sur nos routes, lutter de vitesse avec les trains express. \u00bb <\/p>\n<p>Que l\u2019on n&rsquo;attende pas qu\u2019un aussi dramatique incident de route se produise pour agir. <\/p>\n<p>Il y a cent moyens, excellents, tous pratiques pour calmer les \u00e9craseurs ! <\/p>\n<p>Qu&rsquo;on se h\u00e2te d\u2019en appliquer un au moins. <\/p>\n<p>J&rsquo;entends d\u00e9j\u00e0 des gens pr\u00e9tendre que la d\u00e9cision prise par M. Waldeck-Rousseau est de nature \u00e0 me satisfaire. <\/p>\n<p>Pas du tout ! <\/p>\n<p>D\u2019abord les mesures qu\u2019il pr\u00e9conise sont absolument insuffisantes \u00e0 mon avis et nul ne sait quand le conseil d&rsquo;Etat les rendra applicables. C\u2019est dans six ou sept mois, au plus t\u00f4t, qu\u2019on pourra peut-\u00eatre en appr\u00e9cier les m\u00e9rites. En attendant les routes continueront \u00e0 \u00eatre sillonn\u00e9es par les \u00e9craseurs. <\/p>\n<p>Quant \u00e0 la mesure que na\u00efvement r\u00e9clame M. Lucien Descaves pour plaire \u00e0 ceux qu\u2019il appelle lui-m\u00eame les \u00ab\u00a0autophobes\u00a0\u00bb elle ne saurait rassurer personne. <\/p>\n<p>M. Descaves dit, ou \u00e0 peu pr\u00e8s: Quand un chauffeur aura \u00e9t\u00e9 trop vite, lisez \u00ab\u00a0aura \u00e9cras\u00e9 quelqu\u2019un\u00a0\u00bb on lui retirera momentan\u00e9ment le droit de conduire. <\/p>\n<p>Mais, pardon ! M. Descaves, c\u2019est avant l&rsquo;accident que nous voulons \u00eatre prot\u00e9g\u00e9s, apr\u00e8s il serait peut-\u00eatre un peu trop tard&#8230; pour nous. <\/p>\n<p>R. de Paris.<br \/>\nLe Ralliement, 30 juin 1901.<\/p>\n","protected":false},"excerpt":{"rendered":"<p>La chronique criminelle aura bient\u00f4t \u00e0 enregistrer un nouveau genre de vendetta et avant peu vous apprendrez qu\u2019un passant qui au premier abord ne paraissait pas anim\u00e9 d&rsquo;intentions meurtri\u00e8res et <a class=\"more-link\" href=\"https:\/\/carfree.fr\/index.php\/2023\/11\/20\/lexcuse-des-autophobes\/\">Lire la suite&#8230;<\/a><\/p>\n","protected":false},"author":1662,"featured_media":41985,"comment_status":"open","ping_status":"closed","sticky":false,"template":"","format":"standard","meta":[],"categories":[73,1038],"tags":[996,198,1838,178],"views":12803,"_links":{"self":[{"href":"https:\/\/carfree.fr\/index.php\/wp-json\/wp\/v2\/posts\/45622"}],"collection":[{"href":"https:\/\/carfree.fr\/index.php\/wp-json\/wp\/v2\/posts"}],"about":[{"href":"https:\/\/carfree.fr\/index.php\/wp-json\/wp\/v2\/types\/post"}],"author":[{"embeddable":true,"href":"https:\/\/carfree.fr\/index.php\/wp-json\/wp\/v2\/users\/1662"}],"replies":[{"embeddable":true,"href":"https:\/\/carfree.fr\/index.php\/wp-json\/wp\/v2\/comments?post=45622"}],"version-history":[{"count":0,"href":"https:\/\/carfree.fr\/index.php\/wp-json\/wp\/v2\/posts\/45622\/revisions"}],"wp:featuredmedia":[{"embeddable":true,"href":"https:\/\/carfree.fr\/index.php\/wp-json\/wp\/v2\/media\/41985"}],"wp:attachment":[{"href":"https:\/\/carfree.fr\/index.php\/wp-json\/wp\/v2\/media?parent=45622"}],"wp:term":[{"taxonomy":"category","embeddable":true,"href":"https:\/\/carfree.fr\/index.php\/wp-json\/wp\/v2\/categories?post=45622"},{"taxonomy":"post_tag","embeddable":true,"href":"https:\/\/carfree.fr\/index.php\/wp-json\/wp\/v2\/tags?post=45622"}],"curies":[{"name":"wp","href":"https:\/\/api.w.org\/{rel}","templated":true}]}}