{"id":45654,"date":"2023-10-25T13:35:54","date_gmt":"2023-10-25T12:35:54","guid":{"rendered":"http:\/\/carfree.fr\/?p=45654"},"modified":"2023-10-25T13:37:32","modified_gmt":"2023-10-25T12:37:32","slug":"hommage-a-bob-silverman","status":"publish","type":"post","link":"https:\/\/carfree.fr\/index.php\/2023\/10\/25\/hommage-a-bob-silverman\/","title":{"rendered":"Hommage \u00e0 Bob Silverman"},"content":{"rendered":"<p>Bob Silverman, dit \u00ab\u00a0Bicycle Bob\u00a0\u00bb est d\u00e9c\u00e9d\u00e9 le 20 f\u00e9vrier 2022 \u00e0 Montr\u00e9al, Canada, \u00e0 l&rsquo;\u00e2ge de 88 ans. Il est consid\u00e9r\u00e9 par beaucoup comme le p\u00e8re fondateur, avec Claire Morissette, de la forte culture cycliste de Montr\u00e9al. <!--more--><\/p>\n<p>Montr\u00e9al, la plus grande ville de la province canadienne du Qu\u00e9bec, est consid\u00e9r\u00e9e comme la meilleure ville cyclable d&rsquo;Am\u00e9rique du Nord. C&rsquo;est l\u00e0 qu&rsquo;en 2009, les syst\u00e8mes modernes de v\u00e9los en libre-service se sont impos\u00e9s dans les grandes villes. La ville compte aujourd&rsquo;hui plus de 400 kilom\u00e8tres de pistes cyclables, dont 150 kilom\u00e8tres sont s\u00e9par\u00e9s de la circulation automobile.<\/p>\n<p>Dans le quartier central des affaires, une piste cyclable de 3 kilom\u00e8tres prot\u00e9g\u00e9e par un trottoir a \u00e9t\u00e9 baptis\u00e9e en l&rsquo;honneur de Claire Morissette, cofondatrice en 1975, avec Silverman, du groupe de d\u00e9fense des cyclistes nomm\u00e9 <a href=\"http:\/\/carfree.fr\/index.php\/2021\/02\/12\/le-monde-a-bicyclette-et-les-origines-du-mouvement-cycliste-a-montreal\/\">Le Monde \u00e0 Bicyclette<\/a> (en activit\u00e9 entre 1975 et 2000, mais le site internet est toujours actif ici: <a href=\"https:\/\/www.lemab.ca\" target=\"_blank\" rel=\"noopener\">lemab.ca<\/a>). <a href=\"https:\/\/www.change.org\/p\/direction-de-l-expertise-en-patrimoine-et-de-la-toponymie-ville-de-montr\u00e9al-pour-une-reconnaissance-publique-de-robert-silverman-bicycle-bob-s-legacy-recognition?utm_content=cl_sharecopy_32455068_fr-FR%3A6&amp;recruiter=397918336&amp;recruited_by_id=36751c60-6bb7-11e5-91e0-c5e16a22882d&amp;utm_source=share_petition&amp;utm_medium=copylink&amp;utm_campaign=psf_combo_share_initial\" target=\"_blank\" rel=\"noopener\">Des appels ont \u00e9t\u00e9 lanc\u00e9s<\/a> pour qu&rsquo;une autre piste cyclable du centre-ville soit baptis\u00e9e en l&rsquo;honneur de Silverman.<\/p>\n<p>De nombreuses tactiques de mobilisation employ\u00e9es par Le Monde \u00e0 Bicyclette sont encore utilis\u00e9es par des groupes de d\u00e9fense dans le monde entier, notamment les \u00ab\u00a0<a href=\"http:\/\/carfree.fr\/index.php\/2006\/10\/13\/die-in-mourir-pour-mieux-vivre\/\">die-ins.<\/a>\u00a0\u00bb<\/p>\n<p>La premi\u00e8re manifestation de ce type \u00e0 Montr\u00e9al &#8211; qui s&rsquo;inspire des protestations \u00ab\u00a0play-dead\u00a0\u00bb aux Pays-Bas plus t\u00f4t dans les ann\u00e9es 1970 &#8211; a utilis\u00e9 l&rsquo;humour noir, exhortant les manifestants \u00e0 \u00ab\u00a0venir mourir avec moi.\u00a0\u00bb<\/p>\n<p>Lors de l&rsquo;un de ces die-in des ann\u00e9es 1970, une pancarte demandait du \u00ab\u00a0v\u00e9lo pour la vie\u00a0\u00bb (\u00ab\u00a0bicycle for life\u00a0\u00bb).<\/p>\n<p>\u00ab\u00a0<em>Lorsque je suis devenu un d\u00e9fenseur du v\u00e9lo [dans les ann\u00e9es 1970], j&rsquo;ai eu pour la premi\u00e8re fois une raison de vivre<\/em>\u00ab\u00a0, confiait l&rsquo;anglophone Silverman en 2017. Il ajoutait:\u00a0\u00ab\u00a0<em>J&rsquo;ai consacr\u00e9 ma vie \u00e0 rendre le monde meilleur via une solution simple : le v\u00e9lo !<\/em>\u00a0\u00bb<\/p>\n<p><strong>\u00c9cologiste militant<\/strong><\/p>\n<p>Le Monde \u00e0 Bicyclette &#8211; litt\u00e9ralement \u00ab\u00a0The World of the Bicycle\u00a0\u00bb, ou Citizens for Cycling, ou simplement MAB &#8211; \u00e9tait une collection h\u00e9t\u00e9roclite de nationalistes francophones et d&rsquo;anarchistes anglophones qui, apr\u00e8s plusieurs ann\u00e9es de mobilisation, ont r\u00e9ussi \u00e0 persuader les politiciens de gauche de Montr\u00e9al de prendre des mesures en faveur des personnes \u00e0 v\u00e9lo.<\/p>\n<p>L&rsquo;une des principales demandes du groupe d&rsquo;activistes anti-automobiles \u00e9tait la cr\u00e9ation d&rsquo;une piste cyclable prot\u00e9g\u00e9e par un trottoir dans le centre-ville. Elle a \u00e9t\u00e9 baptis\u00e9e en l&rsquo;honneur de Mme Morissette, d\u00e9c\u00e9d\u00e9e d&rsquo;un cancer en 2007. Les panneaux de la Piste Claire-Morissette indiquent fi\u00e8rement qu&rsquo;elle \u00e9tait une \u00ab\u00a0militante \u00e9cologiste\u00a0\u00bb.<\/p>\n<div id=\"attachment_45655\" style=\"width: 360px\" class=\"wp-caption aligncenter\"><img aria-describedby=\"caption-attachment-45655\" decoding=\"async\" loading=\"lazy\" class=\"wp-image-45655 size-full\" src=\"http:\/\/carfree.fr\/img\/2023\/10\/moise.jpg\" alt=\"Photo: Robert Silverman dans le r\u00f4le de Mo\u00efse, avec les &quot;10 commandements du cyclisme&quot; lors d'un coup m\u00e9diatique dans les ann\u00e9es 1970. ROBERT SILVERMAN ARCHIVES\" width=\"350\" height=\"435\" \/><p id=\"caption-attachment-45655\" class=\"wp-caption-text\">Robert Silverman dans le r\u00f4le de Mo\u00efse, avec les \u00ab\u00a010 commandements de la bicyclette\u00a0\u00bb lors d&rsquo;un coup m\u00e9diatique dans les ann\u00e9es 1970. ROBERT SILVERMAN ARCHIVES<\/p><\/div>\n<p>Morissette \u00e9tait le cerveau cr\u00e9atif de l&rsquo;organisation; Silverman en \u00e9tait l&rsquo;acteur principal. Pour protester contre l&rsquo;absence d&rsquo;un pont s\u00fbr pour les cyclistes sur le fleuve Saint-Laurent, il s&rsquo;est d\u00e9guis\u00e9 en Mo\u00efse et, tenant les dix commandements de la bicyclette (\u00ab\u00a0Tu ne tueras pas, tu ne pollueras pas&#8230;\u00a0\u00bb), il a tent\u00e9 en vain de s\u00e9parer la \u00ab\u00a0mer Rouge\u00a0\u00bb pour un groupe de cyclistes qui l&rsquo;attendaient. Les m\u00e9dias locaux ont ador\u00e9 cet \u00e9v\u00e9nement et d&rsquo;autres actions similaires r\u00e9alis\u00e9es par le groupe, comme attacher des ailes \u00e0 des bicyclettes, tenter de voler au-dessus du fleuve et remorquer des bicyclettes sur des radeaux derri\u00e8re des cano\u00ebs. En 1990, Montr\u00e9al construit enfin un pont pour les pi\u00e9tons et les cyclistes et ajoute des pistes cyclables \u00e0 d&rsquo;autres ponts.<\/p>\n<p>Peut-\u00eatre parce que de nombreux membres \u00e9taient parfaitement bilingues et que Silverman \u00e9tait un po\u00e8te dans l&rsquo;\u00e2me, le MAB utilisait les mots comme des armes, mais toujours avec humour. Les manifestants de la gu\u00e9rilla du MAB \u00e9taient des \u00ab\u00a0V\u00e9lo-Quichotes\u00a0\u00bb, des \u00ab\u00a0v\u00e9lo-saints roulants\u00a0\u00bb et des \u00ab\u00a0v\u00e9lorutionnaires\u00a0\u00bb; ils luttaient contre l'\u00a0\u00bbautocratie\u00a0\u00bb \u00e0 l&rsquo;aide de \u00ab\u00a0cyclodrames\u00a0\u00bb.<\/p>\n<p>Silverman a \u00e9crit des po\u00e8mes et des chansons pour le bulletin d&rsquo;information du groupe, comme celui-ci datant de 1976:<\/p>\n<p><em>En avant les v\u00e9los<\/em><br \/>\n<em>\u00c9coutez les \u00e9chos<\/em><br \/>\n<em>L&rsquo;avenir des v\u00e9los<\/em><br \/>\n<em>C&rsquo;est la fin des voitures<\/em><br \/>\n<em>Le Monde \u00e0 Bicyclette Veut changer la plan\u00e8te<\/em><br \/>\n<em>Le Monde \u00e0 Bicyclette va sauver la plan\u00e8te<\/em><br \/>\n<em>C&rsquo;est la fin du fl\u00e9au<\/em><br \/>\n<em>Fini les complots<\/em><br \/>\n<em>Plus de pollution<\/em><br \/>\n<em>Car c&rsquo;est la r\u00e9volution.<\/em><\/p>\n<div id=\"attachment_45656\" style=\"width: 360px\" class=\"wp-caption aligncenter\"><img aria-describedby=\"caption-attachment-45656\" decoding=\"async\" loading=\"lazy\" class=\"wp-image-45656 size-full\" src=\"http:\/\/carfree.fr\/img\/2023\/10\/bob.jpg\" alt=\"Robert Silverman avec le drapeau du Monde \u00e0 Bicyclette dans les ann\u00e9es 1970. Source: MAB\" width=\"350\" height=\"352\" srcset=\"https:\/\/carfree.fr\/img\/2023\/10\/bob.jpg 350w, https:\/\/carfree.fr\/img\/2023\/10\/bob-50x50.jpg 50w, https:\/\/carfree.fr\/img\/2023\/10\/bob-120x120.jpg 120w\" sizes=\"(max-width: 350px) 100vw, 350px\" \/><p id=\"caption-attachment-45656\" class=\"wp-caption-text\">Robert Silverman avec le drapeau du Monde \u00e0 Bicyclette dans les ann\u00e9es 1970. Source: MAB<\/p><\/div>\n<p><strong>Cyclo-Provocations <\/strong><\/p>\n<p>Dans les ann\u00e9es 1970, le cyclodrame le plus ancien du groupe a eu lieu lorsque des activistes ont transport\u00e9 des objets encombrants dans le m\u00e9tro de Montr\u00e9al &#8211; une \u00e9chelle, des skis, un hippopotame en papier m\u00e2ch\u00e9 &#8211; alors que ceux qui avaient des v\u00e9los moins encombrants se voyaient refuser l&rsquo;acc\u00e8s.<\/p>\n<div id=\"attachment_45657\" style=\"width: 610px\" class=\"wp-caption aligncenter\"><img aria-describedby=\"caption-attachment-45657\" decoding=\"async\" loading=\"lazy\" class=\"wp-image-45657 size-full\" src=\"http:\/\/carfree.fr\/img\/2023\/10\/claire-et-bob.jpg\" alt=\"Claire Morissette avec Robert Silverman, 1977. ROBERT SILVERMAN ARCHIVE\/MAB\/TOM BERRY\" width=\"600\" height=\"455\" \/><p id=\"caption-attachment-45657\" class=\"wp-caption-text\">Claire Morissette avec Robert Silverman, 1977. ROBERT SILVERMAN ARCHIVE\/MAB\/TOM BERRY<\/p><\/div>\n<p>Apr\u00e8s trois ans de ces \u00ab\u00a0cyclo-provocations\u00a0\u00bb, le MAB a obtenu l&rsquo;acc\u00e8s au m\u00e9tro pour les cyclistes. Le MAB a \u00e9galement construit des <a href=\"http:\/\/carfree.fr\/index.php\/2005\/05\/17\/manif-spatiale-a-velo\/\">cadres en bois de la taille d&rsquo;une voiture<\/a> pour les placer au-dessus des v\u00e9los en mouvement afin de montrer l&rsquo;espace que Montr\u00e9al \u00e9conomiserait si elle s&rsquo;occupait des cyclistes et pas seulement des automobiles.<\/p>\n<p>\u00ab\u00a0Les automobilistes se sont vraiment f\u00e2ch\u00e9s\u00a0\u00bb, se souvenait Silverman, l&rsquo;\u0153il p\u00e9tillant.<\/p>\n<p>Toujours pr\u00eat \u00e0 souffrir pour la cause, Silverman a \u00e9t\u00e9 condamn\u00e9 \u00e0 huit jours de prison pour avoir refus\u00e9 de payer une petite amende impos\u00e9e apr\u00e8s avoir \u00e9t\u00e9 surpris en train de peindre ill\u00e9galement une piste cyclable dans une rue r\u00e9sidentielle. (Il a \u00e9t\u00e9 lib\u00e9r\u00e9 au bout de deux jours.)<\/p>\n<div id=\"attachment_45658\" style=\"width: 610px\" class=\"wp-caption aligncenter\"><img aria-describedby=\"caption-attachment-45658\" decoding=\"async\" loading=\"lazy\" class=\"wp-image-45658 size-full\" src=\"http:\/\/carfree.fr\/img\/2023\/10\/bixi.jpg\" alt=\"Kulveer Ranger, alors conseiller en transports du maire de Londres, passe devant une station d'accueil du syst\u00e8me de v\u00e9lo en libre service de Montr\u00e9al Bixi IMAGES VIA GETTY IMAGES\" width=\"600\" height=\"390\" \/><p id=\"caption-attachment-45658\" class=\"wp-caption-text\">Kulveer Ranger, alors conseiller en transports du maire de Londres, passe devant une station d&rsquo;accueil du syst\u00e8me de v\u00e9lo en libre service de Montr\u00e9al Bixi IMAGES VIA GETTY IMAGES<\/p><\/div>\n<p>Les syst\u00e8mes modernes de v\u00e9los en libre-service dans les grandes villes sont n\u00e9s \u00e0 Montr\u00e9al. Le syst\u00e8me municipal Bixi (m\u00e9lange de \u00ab\u00a0bike\u00a0\u00bb et \u00ab\u00a0taxi\u00a0\u00bb) s&rsquo;inspire du syst\u00e8me V\u00e9lib \u00e0 Paris et d&rsquo;un syst\u00e8me ant\u00e9rieur \u00e0 Lyon. \u00c0 l&rsquo;origine, Bixi appartenait \u00e0 la ville de Montr\u00e9al, mais des pertes ont finalement contraint l&rsquo;entreprise \u00e0 la faillite. La division internationale est depuis longtemps rentable et est d\u00e9sormais connue sous le nom de PBSC Urban Solutions, dont la devise est: \u00ab\u00a0Changer le monde, une ville \u00e0 la fois.\u00a0\u00bb<\/p>\n<p>Les v\u00e9los \u00ab\u00a0Boris\u00a0\u00bb de Londres ont \u00e9t\u00e9 fournis par Bixi, et ils \u00e9taient \u00e0 l&rsquo;origine des fac-simil\u00e9s exacts des machines muscl\u00e9es utilis\u00e9es pour la premi\u00e8re fois \u00e0 Montr\u00e9al.<\/p>\n<p>Dans un po\u00e8me sur Silverman, Morissette a \u00e9crit que \u00ab\u00a0Bicycle Bob\u00a0\u00bb \u00e9tait \u00ab\u00a0<em>un perturbateur, un fanatique, un bikeshevik \u00e9pique.<\/em>\u00a0\u00bb<\/p>\n<p>\u00ab\u00a0Par dizaines, centaines, milliers, les gens sont fiers de rouler,\u00a0\u00bb a-t-elle ajout\u00e9.<\/p>\n<p>\u00ab\u00a0<em>Vous r\u00e9alisez nos r\u00eaves, gr\u00e2ce \u00e0 vous nous pouvons respirer.<\/em>\u00a0\u00bb<\/p>\n<p>&nbsp;<\/p>\n<p>Carlton Reid, journaliste, historien et ami de Bob Silverman.<\/p>\n<p>Source: <a href=\"https:\/\/www.forbes.com\/sites\/carltonreid\/2022\/02\/22\/montreals-velorutionary-bikeshevik-robert-silverman-dies-aged-89\/\" target=\"_blank\" rel=\"noopener\">https:\/\/www.forbes.com\/sites\/carltonreid\/2022\/02\/22\/montreals-velorutionary-bikeshevik-robert-silverman-dies-aged-89\/<\/a><\/p>\n","protected":false},"excerpt":{"rendered":"<p>Bob Silverman, dit \u00ab\u00a0Bicycle Bob\u00a0\u00bb est d\u00e9c\u00e9d\u00e9 le 20 f\u00e9vrier 2022 \u00e0 Montr\u00e9al, Canada, \u00e0 l&rsquo;\u00e2ge de 88 ans. Il est consid\u00e9r\u00e9 par beaucoup comme le p\u00e8re fondateur, avec Claire <a class=\"more-link\" href=\"https:\/\/carfree.fr\/index.php\/2023\/10\/25\/hommage-a-bob-silverman\/\">Lire la suite&#8230;<\/a><\/p>\n","protected":false},"author":1390,"featured_media":45659,"comment_status":"open","ping_status":"closed","sticky":false,"template":"","format":"standard","meta":[],"categories":[4,7],"tags":[1709,326,359,611,646,198,462,210,19,1664,113],"views":11724,"_links":{"self":[{"href":"https:\/\/carfree.fr\/index.php\/wp-json\/wp\/v2\/posts\/45654"}],"collection":[{"href":"https:\/\/carfree.fr\/index.php\/wp-json\/wp\/v2\/posts"}],"about":[{"href":"https:\/\/carfree.fr\/index.php\/wp-json\/wp\/v2\/types\/post"}],"author":[{"embeddable":true,"href":"https:\/\/carfree.fr\/index.php\/wp-json\/wp\/v2\/users\/1390"}],"replies":[{"embeddable":true,"href":"https:\/\/carfree.fr\/index.php\/wp-json\/wp\/v2\/comments?post=45654"}],"version-history":[{"count":0,"href":"https:\/\/carfree.fr\/index.php\/wp-json\/wp\/v2\/posts\/45654\/revisions"}],"wp:featuredmedia":[{"embeddable":true,"href":"https:\/\/carfree.fr\/index.php\/wp-json\/wp\/v2\/media\/45659"}],"wp:attachment":[{"href":"https:\/\/carfree.fr\/index.php\/wp-json\/wp\/v2\/media?parent=45654"}],"wp:term":[{"taxonomy":"category","embeddable":true,"href":"https:\/\/carfree.fr\/index.php\/wp-json\/wp\/v2\/categories?post=45654"},{"taxonomy":"post_tag","embeddable":true,"href":"https:\/\/carfree.fr\/index.php\/wp-json\/wp\/v2\/tags?post=45654"}],"curies":[{"name":"wp","href":"https:\/\/api.w.org\/{rel}","templated":true}]}}