{"id":45678,"date":"2023-11-01T09:46:52","date_gmt":"2023-11-01T08:46:52","guid":{"rendered":"http:\/\/carfree.fr\/?p=45678"},"modified":"2023-11-13T17:08:24","modified_gmt":"2023-11-13T16:08:24","slug":"60-millions-dautomobilistes-a-pied","status":"publish","type":"post","link":"https:\/\/carfree.fr\/index.php\/2023\/11\/01\/60-millions-dautomobilistes-a-pied\/","title":{"rendered":"60 millions d&rsquo;automobilistes \u00e0 pied"},"content":{"rendered":"<p>On connaissait la micro-association \u00ab\u00a0<a href=\"http:\/\/carfree.fr\/index.php\/2017\/04\/04\/2754-automobilistes\/\">40 millions d&rsquo;automobilistes,<\/a>\u00a0\u00bb on d\u00e9couvre aujourd&rsquo;hui l&rsquo;association \u00ab\u00a060 millions de pi\u00e9tons\u00a0\u00bb dont les prises de position am\u00e8nent \u00e0 penser qu&rsquo;elle ferait sans doute mieux de s&rsquo;appeler \u00ab\u00a060 millions d&rsquo;automobilistes \u00e0 pied&#8230;\u00a0\u00bb <!--more--><\/p>\n<p>L\u2019association \u00ab\u00a060 Millions de Pi\u00e9tons\u00a0\u00bb a \u00e9t\u00e9 cr\u00e9\u00e9e en 1959 sous le nom de \u00ab\u00a0Les Droits du Pi\u00e9ton &#8211; Pour une cit\u00e9 plus humaine\u00a0\u00bb. Elle a pris ensuite le nom de \u00ab\u00a060 Millions de Pi\u00e9tons\u00a0\u00bb en 2018. (Site internet: <a href=\"http:\/\/www.pietons.org\/\" target=\"_blank\" rel=\"noopener\">pietons.org<\/a>)<\/p>\n<p>Lutter pour les droits des pi\u00e9tons est une noble cause que nous soutenons bien entendu sur Carfree France, dans la mesure o\u00f9 cette cause ne consiste pas principalement \u00e0 taper sur le v\u00e9lo et sur les cyclistes.<\/p>\n<p>En effet, <a href=\"http:\/\/carfree.fr\/index.php\/2023\/10\/23\/oui-mais-les-cyclistes\/\">nous le rappelions r\u00e9cemment<\/a>, le principal pr\u00e9dateur du pi\u00e9ton est&#8230; le conducteur de v\u00e9hicule motoris\u00e9! En 2022, 524 pi\u00e9tons ont \u00e9t\u00e9 tu\u00e9s par des v\u00e9hicules motoris\u00e9s (des voitures dans 329 cas, contre 90 poids lourds, 69 v\u00e9hicules utilitaires et 23 deux et trois roues motoris\u00e9s). De ce fait, 99,8 % des pi\u00e9tons tu\u00e9s en France en 2022 l\u2019ont \u00e9t\u00e9 par un conducteur de v\u00e9hicule motoris\u00e9. A l&rsquo;inverse, il faut d\u00e9plorer un seul pi\u00e9ton tu\u00e9 dans une collision avec un cycliste.<\/p>\n<p><img decoding=\"async\" loading=\"lazy\" src=\"http:\/\/carfree.fr\/img\/2023\/10\/pietons-tues.jpg\" alt=\"\" width=\"650\" height=\"650\" class=\"alignnone size-full wp-image-45652\" srcset=\"https:\/\/carfree.fr\/img\/2023\/10\/pietons-tues.jpg 650w, https:\/\/carfree.fr\/img\/2023\/10\/pietons-tues-640x640.jpg 640w, https:\/\/carfree.fr\/img\/2023\/10\/pietons-tues-50x50.jpg 50w, https:\/\/carfree.fr\/img\/2023\/10\/pietons-tues-120x120.jpg 120w\" sizes=\"(max-width: 650px) 100vw, 650px\" \/><\/p>\n<p>Or, il est surprenant de constater que l&rsquo;association \u00ab\u00a060 Millions de Pi\u00e9tons\u00a0\u00bb semble plus se pr\u00e9occuper des v\u00e9los que des voitures. En effet, sur leur site internet, on d\u00e9nombre via de simples recherches Google plus d&rsquo;articles parlant de v\u00e9los ou de cyclistes que d&rsquo;articles parlant de voitures ou d&rsquo;automobilistes. Etonnant, non? Le v\u00e9lo a tu\u00e9 un pi\u00e9ton l&rsquo;ann\u00e9e derni\u00e8re, contre 329 tu\u00e9s par une voiture, mais il faut taper sur&#8230; les v\u00e9los! R\u00e9cemment, l&rsquo;association s&rsquo;est m\u00eame <a href=\"http:\/\/www.pietons.org\/\/interdire-les-velos-dans-certaines-aires-pietonnes--386.html\" target=\"_blank\" rel=\"noopener\">f\u00e9licit\u00e9e que le v\u00e9lo soit d\u00e9sormais interdit<\/a> dans les rues pi\u00e9tonnes de plusieurs villes de France (Agen, Nice, Lille&#8230;).<\/p>\n<p>Au-del\u00e0 de l&rsquo;aspect quantitatif li\u00e9 au nombre d&rsquo;articles, des prises de positions r\u00e9centes de l&rsquo;association sur le r\u00e9seau social X (ex-Twitter) s\u00e8ment encore plus le trouble, en particulier chez les cyclistes.<\/p>\n<p>Le 30 octobre dernier, l&rsquo;association publie sur son compte X la chose suivante: \u00ab\u00a0<em>Les conflits d&rsquo;usage entre pi\u00e9tons et cyclistes deviennent un fl\u00e9au. Il est possible d&rsquo;y rem\u00e9dier. Ils sont la r\u00e9sultante de certaines autorisations accord\u00e9es aux cyclistes comme le franchissement de feu rouge. Le v\u00e9lo n&rsquo;est pas une mobilit\u00e9 douce<\/em>.\u00a0\u00bb<\/p>\n<p>Plusieurs choses ne vont pas dans cette d\u00e9claration. On veut bien croire qu&rsquo;il puisse y avoir des difficult\u00e9s entre cyclistes et pi\u00e9tons, mais est-ce proportionn\u00e9 de parler de \u00ab\u00a0fl\u00e9au?\u00a0\u00bb Si les conflits entre pi\u00e9tons et cyclistes deviennent un \u00ab\u00a0fl\u00e9au\u00a0\u00bb comment qualifier alors les conflits entre pi\u00e9tons et automobilistes? Ensuite, cette association loi 1901 cens\u00e9e promouvoir le respect du droit remet directement en cause l&rsquo;autorisation donn\u00e9e aux cyclistes de passer \u00e0 certains feux rouges pourvus du panneau M12. Et la conclusion est \u00e0 l&rsquo;avenant, car on ne voit pas bien ce que vient faire ici cette histoire de mobilit\u00e9 douce: la \u00ab\u00a0mobilit\u00e9 douce\u00a0\u00bb est un terme employ\u00e9 par ceux qui ne connaissent pas le v\u00e9lo car les cyclistes pr\u00e9f\u00e8rent en g\u00e9n\u00e9ral parler de \u00ab\u00a0mobilit\u00e9 active.\u00a0\u00bb<\/p>\n<p>Mais revenons \u00e0 notre \u00ab\u00a0fl\u00e9au\u00a0\u00bb, c&rsquo;est-\u00e0-dire le v\u00e9lo, pas Attila, le fl\u00e9au de Dieu&#8230; Car, le m\u00eame jour, on apprenait qu&rsquo;<a href=\"https:\/\/france3-regions.francetvinfo.fr\/paris-ile-de-france\/val-d-oise\/quatre-pietons-sont-morts-fauches-par-un-conducteur-a-sarcelles-2864615.html\" target=\"_blank\" rel=\"noopener\">un automobiliste tuait quatre pi\u00e9tons d&rsquo;un seul coup \u00e0 Sarcelles<\/a>. Quelle a \u00e9t\u00e9 la r\u00e9action de \u00ab\u00a060 millions de pi\u00e9tons\u00a0\u00bb? Vu qu&rsquo;on parlait de \u00ab\u00a0fl\u00e9au\u00a0\u00bb pr\u00e9c\u00e9demment pour les v\u00e9los, on s&rsquo;attendait ici \u00e0 une r\u00e9action cataclysmique&#8230; En fait, non, voici leur r\u00e9action:<\/p>\n<blockquote class=\"twitter-tweet\">\n<p dir=\"ltr\" lang=\"fr\">Nouvelle triste. 60MdP a saisi le Pr\u00e9fet du Val d&rsquo;Oise. Pour autant, le v\u00e9lo se voulant une mobilit\u00e9 douce, difficile d&rsquo;accepter se retrouver \u00e0 l\u2019h\u00f4pital heurt\u00e9 par un v\u00e9lo, soit une dizaine de pi\u00e9tons par jour pour le moins. <a href=\"https:\/\/t.co\/yhwqTJFlZj\">https:\/\/t.co\/yhwqTJFlZj<\/a><\/p>\n<p>\u2014 60 Millions de Pi\u00e9tons (@60MillionPieton) <a href=\"https:\/\/twitter.com\/60MillionPieton\/status\/1718943338861154332?ref_src=twsrc%5Etfw\">October 30, 2023<\/a><\/p><\/blockquote>\n<p><script async src=\"https:\/\/platform.twitter.com\/widgets.js\" charset=\"utf-8\"><\/script><\/p>\n<p>Donc, quand il s&rsquo;agit de conflits entre pi\u00e9tons et v\u00e9los, c&rsquo;est un fl\u00e9au, quand un automobiliste tue quatre pi\u00e9tons, c&rsquo;est une \u00ab\u00a0nouvelle triste&#8230;\u00a0\u00bb Avec en plus un \u00ab\u00a0<a href=\"http:\/\/carfree.fr\/index.php\/2023\/10\/23\/oui-mais-les-cyclistes\/\">Oui mais les cyclistes&#8230;<\/a>\u00a0\u00bb pour le m\u00eame prix.<\/p>\n<p>Comment expliquer cet acharnement sur le v\u00e9lo et cette mansu\u00e9tude pour la voiture? La seule explication possible, c&rsquo;est qu&rsquo;il s&rsquo;agit peut-\u00eatre seulement d&rsquo;une association de pi\u00e9tons qui marchent jusqu&rsquo;\u00e0 leur voiture?<\/p>\n","protected":false},"excerpt":{"rendered":"<p>On connaissait la micro-association \u00ab\u00a040 millions d&rsquo;automobilistes,\u00a0\u00bb on d\u00e9couvre aujourd&rsquo;hui l&rsquo;association \u00ab\u00a060 millions de pi\u00e9tons\u00a0\u00bb dont les prises de position am\u00e8nent \u00e0 penser qu&rsquo;elle ferait sans doute mieux de s&rsquo;appeler <a class=\"more-link\" href=\"https:\/\/carfree.fr\/index.php\/2023\/11\/01\/60-millions-dautomobilistes-a-pied\/\">Lire la suite&#8230;<\/a><\/p>\n","protected":false},"author":18,"featured_media":45680,"comment_status":"open","ping_status":"closed","sticky":false,"template":"","format":"standard","meta":[],"categories":[4,1038,9,7],"tags":[1709,326,11,646,135,101,1664],"views":14024,"_links":{"self":[{"href":"https:\/\/carfree.fr\/index.php\/wp-json\/wp\/v2\/posts\/45678"}],"collection":[{"href":"https:\/\/carfree.fr\/index.php\/wp-json\/wp\/v2\/posts"}],"about":[{"href":"https:\/\/carfree.fr\/index.php\/wp-json\/wp\/v2\/types\/post"}],"author":[{"embeddable":true,"href":"https:\/\/carfree.fr\/index.php\/wp-json\/wp\/v2\/users\/18"}],"replies":[{"embeddable":true,"href":"https:\/\/carfree.fr\/index.php\/wp-json\/wp\/v2\/comments?post=45678"}],"version-history":[{"count":0,"href":"https:\/\/carfree.fr\/index.php\/wp-json\/wp\/v2\/posts\/45678\/revisions"}],"wp:featuredmedia":[{"embeddable":true,"href":"https:\/\/carfree.fr\/index.php\/wp-json\/wp\/v2\/media\/45680"}],"wp:attachment":[{"href":"https:\/\/carfree.fr\/index.php\/wp-json\/wp\/v2\/media?parent=45678"}],"wp:term":[{"taxonomy":"category","embeddable":true,"href":"https:\/\/carfree.fr\/index.php\/wp-json\/wp\/v2\/categories?post=45678"},{"taxonomy":"post_tag","embeddable":true,"href":"https:\/\/carfree.fr\/index.php\/wp-json\/wp\/v2\/tags?post=45678"}],"curies":[{"name":"wp","href":"https:\/\/api.w.org\/{rel}","templated":true}]}}