{"id":45798,"date":"2024-02-28T08:45:43","date_gmt":"2024-02-28T07:45:43","guid":{"rendered":"http:\/\/carfree.fr\/?p=45798"},"modified":"2024-02-28T08:45:43","modified_gmt":"2024-02-28T07:45:43","slug":"velorution-universelle-a-marseille","status":"publish","type":"post","link":"https:\/\/carfree.fr\/index.php\/2024\/02\/28\/velorution-universelle-a-marseille\/","title":{"rendered":"V\u00e9lorution universelle \u00e0 Marseille"},"content":{"rendered":"<p>La prochaine V\u00e9lorution universelle aura lieu \u00e0 Marseille du 4 au 7 juillet 2024. <!--more--><\/p>\n<p>A Marseille, la v\u00e9lorution p\u00e9dale depuis 2009 et rassemble plusieurs dizaines ou centaines de passionn\u00e9.e.s du v\u00e9lo. Elle se d\u00e9roule le premier vendredi de chaque mois (rdv \u00e0 la Plaine \u00e0 20h30). Bien que son parcours ne soit que rarement planifi\u00e9 d\u2019avance, ces derni\u00e8res ann\u00e9es, elle s\u2019est souvent finie au bord de la plage, dans un parc, sur une place ou aux alentours d\u2019\u00e9v\u00e8nements militants. <\/p>\n<p>En 2024, Marseille accueillera la 11\u00e8me v\u00e9lorution universelle (qui a r\u00e9uni plusieurs centaines de cyclistes l\u2019ann\u00e9e derni\u00e8re \u00e0 Nantes). C\u2019est pourquoi nous aimerions d\u00e8s aujourd\u2019hui r\u00e9concilier de nombreux.se.s Marseillai.s.e.s avec l\u2019utilisation de ces bijoux \u00e9colos \u00e0 p\u00e9dales et de (re)d\u00e9couvrir le plaisir d\u2019aller aussi loin que nos jambes nous portent. <\/p>\n<p>Et \u00e0 Marseille, avant de pouvoir se sentir pousser des ailes sur notre bicyclette d\u2019une mani\u00e8re sereine, il y a de quoi faire\u2026 Entre le manque alarmant de pistes cyclables dans la 2\u00e8 ville de France, trop souvent limit\u00e9es aux quartiers les plus favoris\u00e9s, les pistes cyclables envahies par les scooters, voitures, trottinettes gar\u00e9es, terrasses qui d\u00e9bordent ou pi\u00e9ton.e.s. qui n\u2019ont pas d\u2019autres espaces \u00e0 utiliser, ou encore les conduites dangereuses des automobilistes \u00e0 notre \u00e9gard, nos revendications sont nombreuses. Alors rejoignez-nous ! Ensemble, nous sommes plus fort.e.s !<\/p>\n<p>Ni Dieu, Ni Maitre &#8211; Ni P\u00e9trole, ni Lithium<br \/>\nVive la V\u00e9lorution !<\/p>\n<p>Plus d&rsquo;infos \u00e0 venir sur:<br \/>\n<a href=\"https:\/\/www.velorution-marseille.org\" rel=\"noopener\" target=\"_blank\">https:\/\/www.velorution-marseille.org<\/a><\/p>\n","protected":false},"excerpt":{"rendered":"<p>La prochaine V\u00e9lorution universelle aura lieu \u00e0 Marseille du 4 au 7 juillet 2024.<\/p>\n","protected":false},"author":168,"featured_media":45800,"comment_status":"open","ping_status":"closed","sticky":false,"template":"","format":"standard","meta":[],"categories":[4,7],"tags":[1850,646,204,1664,113],"views":10939,"_links":{"self":[{"href":"https:\/\/carfree.fr\/index.php\/wp-json\/wp\/v2\/posts\/45798"}],"collection":[{"href":"https:\/\/carfree.fr\/index.php\/wp-json\/wp\/v2\/posts"}],"about":[{"href":"https:\/\/carfree.fr\/index.php\/wp-json\/wp\/v2\/types\/post"}],"author":[{"embeddable":true,"href":"https:\/\/carfree.fr\/index.php\/wp-json\/wp\/v2\/users\/168"}],"replies":[{"embeddable":true,"href":"https:\/\/carfree.fr\/index.php\/wp-json\/wp\/v2\/comments?post=45798"}],"version-history":[{"count":0,"href":"https:\/\/carfree.fr\/index.php\/wp-json\/wp\/v2\/posts\/45798\/revisions"}],"wp:featuredmedia":[{"embeddable":true,"href":"https:\/\/carfree.fr\/index.php\/wp-json\/wp\/v2\/media\/45800"}],"wp:attachment":[{"href":"https:\/\/carfree.fr\/index.php\/wp-json\/wp\/v2\/media?parent=45798"}],"wp:term":[{"taxonomy":"category","embeddable":true,"href":"https:\/\/carfree.fr\/index.php\/wp-json\/wp\/v2\/categories?post=45798"},{"taxonomy":"post_tag","embeddable":true,"href":"https:\/\/carfree.fr\/index.php\/wp-json\/wp\/v2\/tags?post=45798"}],"curies":[{"name":"wp","href":"https:\/\/api.w.org\/{rel}","templated":true}]}}