{"id":45899,"date":"2024-03-25T08:40:48","date_gmt":"2024-03-25T07:40:48","guid":{"rendered":"http:\/\/carfree.fr\/?p=45899"},"modified":"2024-03-25T08:40:48","modified_gmt":"2024-03-25T07:40:48","slug":"automanie","status":"publish","type":"post","link":"https:\/\/carfree.fr\/index.php\/2024\/03\/25\/automanie\/","title":{"rendered":"Automanie"},"content":{"rendered":"<p>Chaque jour la liste des \u00e9cras\u00e9s augmente. Chaque jour le nombre de v\u00e9hicules automobiles grossit. Ne croyez-vous pas qu\u2019il y a l\u00e0 un probl\u00e8me assez inqui\u00e9tant? <!--more--><\/p>\n<p>Ah! je sais! il y a, vous me direz, le Code du pi\u00e9ton, mais, \u00e0 mon avis, est-ce bien l\u00e0 une solution? il para\u00eet qu\u2019en Am\u00e9rique il existe trois voitures par vingt habitants. Louons Dieu, qu\u2019il n\u2019en soit pas la m\u00eame chose dans notre capitale, car vraiment je me demande si tous pourraient sortir la m\u00eame journ\u00e9e! Donc, il y a \u00e0 Paris deux genres d\u2019habitants: les \u00e9craseurs, les \u00e9cras\u00e9s. <\/p>\n<p>Notez qu\u2019il est parfaitement accessible \u00e0 l\u2019un ou \u00e0 l\u2019autre de changer de cat\u00e9gorie; il n\u2019y a, pour cela, qu\u2019un simple pas \u00e0 faire. Ironie \u00e0 part, il est des fois o\u00f9 nous nous demandons: <\/p>\n<p>\u2014 O\u00f9 allons-nous? <\/p>\n<p>Et l\u2019on \u00e9voque de temps \u00e0 autre, Paris avec ses fiacres et ses berlines. Mais cette vision r\u00e9trospective ne dure pas longtemps. Le d\u00e9mon de la vitesse vous harcelle. Il faut aller vite. O\u00f9? Qu\u2019importe! Faire du bruit, casser, rouler, voil\u00e0 l\u2019\u00e9poque. Qu\u2019importe si l\u2019on bouscule un peu trop son voisin! Paris, ville de carton p\u00e2te, min\u00e9e par ses trains souterrains, r\u00e9siste encore.<\/p>\n<p>Mais au bout de tout cela, n\u2019est-ce pas? <\/p>\n<p>Sans vouloir m\u2019intituler de l\u2019ordre des extra-lucides, je pr\u00e9dis dans quelques ann\u00e9es la fin du monde par hypertrophie automobilistique! <\/p>\n<p>Andr\u00e9 AVISSE.<br \/>\nLe Cri de Toulouse : chronique humoristique et illustr\u00e9e de la semaine, 13 octobre 1928.<\/p>\n","protected":false},"excerpt":{"rendered":"<p>Chaque jour la liste des \u00e9cras\u00e9s augmente. Chaque jour le nombre de v\u00e9hicules automobiles grossit. Ne croyez-vous pas qu\u2019il y a l\u00e0 un probl\u00e8me assez inqui\u00e9tant?<\/p>\n","protected":false},"author":1662,"featured_media":45907,"comment_status":"open","ping_status":"closed","sticky":false,"template":"","format":"standard","meta":[],"categories":[73],"tags":[187,198,846,106,178,218,144],"views":9217,"_links":{"self":[{"href":"https:\/\/carfree.fr\/index.php\/wp-json\/wp\/v2\/posts\/45899"}],"collection":[{"href":"https:\/\/carfree.fr\/index.php\/wp-json\/wp\/v2\/posts"}],"about":[{"href":"https:\/\/carfree.fr\/index.php\/wp-json\/wp\/v2\/types\/post"}],"author":[{"embeddable":true,"href":"https:\/\/carfree.fr\/index.php\/wp-json\/wp\/v2\/users\/1662"}],"replies":[{"embeddable":true,"href":"https:\/\/carfree.fr\/index.php\/wp-json\/wp\/v2\/comments?post=45899"}],"version-history":[{"count":0,"href":"https:\/\/carfree.fr\/index.php\/wp-json\/wp\/v2\/posts\/45899\/revisions"}],"wp:featuredmedia":[{"embeddable":true,"href":"https:\/\/carfree.fr\/index.php\/wp-json\/wp\/v2\/media\/45907"}],"wp:attachment":[{"href":"https:\/\/carfree.fr\/index.php\/wp-json\/wp\/v2\/media?parent=45899"}],"wp:term":[{"taxonomy":"category","embeddable":true,"href":"https:\/\/carfree.fr\/index.php\/wp-json\/wp\/v2\/categories?post=45899"},{"taxonomy":"post_tag","embeddable":true,"href":"https:\/\/carfree.fr\/index.php\/wp-json\/wp\/v2\/tags?post=45899"}],"curies":[{"name":"wp","href":"https:\/\/api.w.org\/{rel}","templated":true}]}}