{"id":45902,"date":"2024-03-15T09:34:21","date_gmt":"2024-03-15T08:34:21","guid":{"rendered":"http:\/\/carfree.fr\/?p=45902"},"modified":"2024-05-03T08:01:29","modified_gmt":"2024-05-03T07:01:29","slug":"on-va-dans-le-mur-mais-en-tesla","status":"publish","type":"post","link":"https:\/\/carfree.fr\/index.php\/2024\/03\/15\/on-va-dans-le-mur-mais-en-tesla\/","title":{"rendered":"On va dans le mur, mais en Tesla"},"content":{"rendered":"<p>\u00ab\u00a0<em>On continue d&rsquo;aller dans le mur, m\u00eame si on y va en Tesla<\/em>\u00a0\u00bb : jolie phrase prononc\u00e9e par un militant \u00e9cologiste lors de l&rsquo;ouverture du d\u00e9bat public sur le projet, d\u00e9j\u00e0 controvers\u00e9, d&rsquo;exploitation d&rsquo;une mine de lithium dans l&rsquo;Allier en Auvergne. <!--more--><\/p>\n<p>Un <a href=\"https:\/\/www.francetvinfo.fr\/monde\/environnement\/crise-climatique\/reportage-on-continue-d-aller-dans-le-mur-meme-si-on-y-va-en-tesla-dans-l-allier-un-projet-de-mine-de-lithium-revele-le-fosse-entre-deux-visions-de-l-ecologie_6421420.html\" rel=\"noopener\" target=\"_blank\">article de France Info<\/a> fait en effet \u00e9tat du lancement de la \u00ab\u00a0Commission nationale du d\u00e9bat public\u00a0\u00bb relative \u00e0 un projet d&rsquo;extraction de lithium dans le d\u00e9partement de l&rsquo;Allier.<\/p>\n<p>Car, du lithium, il va en falloir pour alimenter tous les SUV \u00e9lectriques que l&rsquo;industrie automobile se propose de construire pour maintenir ses profits. Et on ne va pas pouvoir compter \u00e9ternellement sur la Chine pour les construire ces batteries \u00e9lectriques particuli\u00e8rement lourdes et polluantes.<\/p>\n<p>Comme le dit le repr\u00e9sentant de la multinationale qui souhaite creuser l&rsquo;Auvergne comme un gruy\u00e8re pour en sortir 34 000 tonnes de lithium par an, \u00ab\u00a0<em>c&rsquo;est n\u00e9cessaire pour relever le d\u00e9fi de l&rsquo;urgence climatique<\/em>.\u00a0\u00bb<\/p>\n<p>Vous l&rsquo;aurez compris, c&rsquo;est officiel, nous sommes d\u00e9sormais en plein dans le livre \u00ab\u00a01984\u00a0\u00bb de George Orwell, o\u00f9 la novlangue nous dit que \u00ab\u00a0<em>l&rsquo;industrie, c&rsquo;est l&rsquo;\u00e9cologie<\/em>\u00a0\u00bb et \u00ab\u00a0<em>les \u00e9cologistes, c&rsquo;est des terroristes<\/em>.\u00a0\u00bb En effet, maintenant, ce sont les repr\u00e9sentants des multinationales qui viennent dans les r\u00e9unions publiques pour expliquer aux militants \u00e9cologistes comment \u00ab\u00a0<em>relever le d\u00e9fi de l&rsquo;urgence climatique<\/em>\u00a0\u00bb et si ceux-ci s&rsquo;obstinent \u00e0 refuser les projets industriels d&rsquo;extraction destin\u00e9s \u00e0 sauver la plan\u00e8te, ce seront bien \u00e9videmment des \u00ab\u00a0\u00e9co-terroristes\u00a0\u00bb qu&rsquo;il faudra mater gr\u00e2ce \u00e0 la force publique&#8230;<\/p>\n<p>Et si on dit qu&rsquo;extraire du lithium, cela pr\u00e9sente des risques pour la ressource en eau, pour la biodiversit\u00e9, pour la sant\u00e9, sans remettre en cause le mod\u00e8le productiviste qui nous tue, on s&rsquo;oppose au progr\u00e8s. Idem si on \u00e9met l&rsquo;hypoth\u00e8se, avant de piller le sous-sol, d&rsquo;\u00eatre plus sobre et de d\u00e9velopper par exemple le v\u00e9lo&#8230;<\/p>\n<p>Faudrait voir \u00e0 \u00eatre s\u00e9rieux&#8230; C&rsquo;est pour cela qu&rsquo;on ne doit pas laisser l&rsquo;\u00e9cologie dans les mains des \u00e9cologistes. L&rsquo;\u00e9cologie est en effet pour les industriels un projet trop s\u00e9rieux pour le laisser aux \u00e9cologistes. Dit autrement, l&rsquo;\u00e9cologie est un projet industriel comme un autre&#8230;<\/p>\n<p>On organise des d\u00e9bats publics \u00e0 coup \u00ab\u00a0d&rsquo;enqu\u00eates publiques\u00a0\u00bb ou de \u00ab\u00a0Commissions nationales du d\u00e9bat public,\u00a0\u00bb mais tout le monde a tr\u00e8s bien compris que les d\u00e9s sont pip\u00e9s. La d\u00e9cision est d\u00e9j\u00e0 prise, on ne va pas les laisser dans le sol ces milliers de tonnes de lithium! Selon les estimations, on a de quoi construire 700.000 batteries de voitures \u00e9lectriques par an pendant une vingtaine d&rsquo;ann\u00e9es, soit au total une quinzaine de millions de voitures \u00e9lectriques. <\/p>\n<p>On pourrait donc avec cette mine \u00e9lectrifier environ un tiers du parc automobile fran\u00e7ais au bout de 20 ans d&rsquo;exploitation. Bon, notre lithium fran\u00e7ais risque de co\u00fbter un peu plus cher que le lithium extrait \u00e0 l&rsquo;autre bout du monde dans des conditions sociales et environnementales d\u00e9plorables. Pas grave, vu la demande mondiale forc\u00e9ment en hausse il y aura de quoi se gaver pour tout le monde. <\/p>\n<p>Donc, on veut bien organiser une \u00ab\u00a0Commission nationale du d\u00e9bat public\u00a0\u00bb pour la forme, histoire de dire qu&rsquo;on a fait semblant d&rsquo;\u00e9couter les gens, mais faudrait voir \u00e0 pas pousser le bouchon trop loin non plus, sinon on envoie les CRS. Car, il ne faudrait pas que les militants \u00e9cologistes du coin se prennent pour des agriculteurs de la FNSEA non plus! Eux, ils ont le droit de faire exploser des b\u00e2timents de l&rsquo;Etat ou de les couvrir de purin. Par contre, si un seul militant \u00e9cologiste ose dire que le lithium c&rsquo;est mal, on le met en garde \u00e0 vue direct!<\/p>\n<p>Parce que l&rsquo;industrie et les pouvoirs publics qui savent ce qui est bon pour nous, ont d\u00e9cid\u00e9 que c&rsquo;\u00e9tait bien de continuer \u00e0 aller dans le mur vu qu&rsquo;on va y aller en Tesla!<\/p>\n<p><em>Image: V.O.A.EX \/ 1976, <a href=\"http:\/\/carfree.fr\/index.php\/2022\/08\/30\/vostell-automobile\/\">Wolf Vostell<\/a>, Malpartida de Caceres (Espagne).<\/em><\/p>\n","protected":false},"excerpt":{"rendered":"<p>\u00ab\u00a0On continue d&rsquo;aller dans le mur, m\u00eame si on y va en Tesla\u00a0\u00bb : jolie phrase prononc\u00e9e par un militant \u00e9cologiste lors de l&rsquo;ouverture du d\u00e9bat public sur le projet, <a class=\"more-link\" href=\"https:\/\/carfree.fr\/index.php\/2024\/03\/15\/on-va-dans-le-mur-mais-en-tesla\/\">Lire la suite&#8230;<\/a><\/p>\n","protected":false},"author":18,"featured_media":45903,"comment_status":"open","ping_status":"closed","sticky":false,"template":"","format":"standard","meta":[],"categories":[52,73,124],"tags":[1709,1357,550,1725,784,1717,363],"views":10410,"_links":{"self":[{"href":"https:\/\/carfree.fr\/index.php\/wp-json\/wp\/v2\/posts\/45902"}],"collection":[{"href":"https:\/\/carfree.fr\/index.php\/wp-json\/wp\/v2\/posts"}],"about":[{"href":"https:\/\/carfree.fr\/index.php\/wp-json\/wp\/v2\/types\/post"}],"author":[{"embeddable":true,"href":"https:\/\/carfree.fr\/index.php\/wp-json\/wp\/v2\/users\/18"}],"replies":[{"embeddable":true,"href":"https:\/\/carfree.fr\/index.php\/wp-json\/wp\/v2\/comments?post=45902"}],"version-history":[{"count":0,"href":"https:\/\/carfree.fr\/index.php\/wp-json\/wp\/v2\/posts\/45902\/revisions"}],"wp:featuredmedia":[{"embeddable":true,"href":"https:\/\/carfree.fr\/index.php\/wp-json\/wp\/v2\/media\/45903"}],"wp:attachment":[{"href":"https:\/\/carfree.fr\/index.php\/wp-json\/wp\/v2\/media?parent=45902"}],"wp:term":[{"taxonomy":"category","embeddable":true,"href":"https:\/\/carfree.fr\/index.php\/wp-json\/wp\/v2\/categories?post=45902"},{"taxonomy":"post_tag","embeddable":true,"href":"https:\/\/carfree.fr\/index.php\/wp-json\/wp\/v2\/tags?post=45902"}],"curies":[{"name":"wp","href":"https:\/\/api.w.org\/{rel}","templated":true}]}}