{"id":45908,"date":"2024-03-20T09:48:26","date_gmt":"2024-03-20T08:48:26","guid":{"rendered":"http:\/\/carfree.fr\/?p=45908"},"modified":"2024-03-20T09:48:26","modified_gmt":"2024-03-20T08:48:26","slug":"laissez-les-voitures-circuler","status":"publish","type":"post","link":"https:\/\/carfree.fr\/index.php\/2024\/03\/20\/laissez-les-voitures-circuler\/","title":{"rendered":"Laissez les voitures circuler !"},"content":{"rendered":"<p>Il faut arr\u00eater d\u2019entraver la circulation des v\u00e9hicules \u00e0 moteur. Fluidifions la circulation! <!--more--><\/p>\n<p>Les v\u00e9hicules \u00e0 moteur sont indispensables au bon fonctionnement de notre civilisation. Comment les pompiers peuvent-ils intervenir rapidement sur un sinistre s\u2019ils sont entrav\u00e9s dans leurs cheminement? Comment l\u2019ambulance peut-elle arriver \u00e0 temps aux urgences si les voitures ne peuvent pas circuler? Et comment puis-je me rendre dans un village improbable si plus aucun taxi n\u2019est capable de rouler?<\/p>\n<p>Sans parler des services de bus qui ont besoin de voies d\u00e9gag\u00e9es pour circuler ou des handicap\u00e9s (moteur) qui sont contraints d\u2019utiliser des voitures pour \u00eatre autonome.<\/p>\n<p>Alors pensez-y la prochaine fois que vous irez encombrer les routes seul(e) dans votre gros SUV. Pensez \u00e0 ces pompiers qui vont devoir passer sur le trottoir parce que votre fer \u00e0 repasser bloque la route. Pensez \u00e0 cet handicap\u00e9 qui ne pourra pas sortir de sa voiture parce que vous avez mis une tonne de m\u00e9tal en travers de la place handicap\u00e9s. Pensez donc \u00e0 toutes ces personnes qui ont besoin de pouvoir circuler en voiture quand vous venez boucher les rues en klaxonnant.<\/p>\n<p>Personnellement j\u2019y pense toujours, et j\u2019essaie le plus possible de me d\u00e9placer \u00e0 v\u00e9lo ou \u00e0 pieds et en poussette pour les enfants. Vous y penserez la prochaine fois que vous viendrez mettre votre ferraille en travers du trottoir \u00abjuste pour 2 minutes\u00bb? Vous penserez \u00e0 ces enfants qui seront oblig\u00e9s de faire un d\u00e9tour par la route et se prendre une camionnette de livraison en pleine face (il y a des morts chaque ann\u00e9es comme \u00e7a)? Vous y penserez quand vous chercherez co\u00fbte que co\u00fbte \u00e0 doubler cette cycliste pour vous coller au feu rouge juste apr\u00e8s? Tant pis si vous la tuez, de toute mani\u00e8re elle n\u2019avait pas de casque!<\/p>\n<p>Vous \u00eates certes handicap\u00e9 de la voiture, mais \u00e7a n\u2019est pas de la faute des valides qui utilisent leurs jambes. Et c\u2019est pas la peine de s\u2019acharner \u00e0 les rendre eux aussi handicap\u00e9s.<\/p>\n<p>Tous le monde ne peut pas se d\u00e9placer \u00e0 v\u00e9lo ou en transports en commun, mais tous le monde peut faire attention \u00e0 celles et ceux qui le font.<\/p>\n<p><a href=\"https:\/\/www.fabienm.eu\/wordpress\/\" rel=\"noopener\" target=\"_blank\">https:\/\/www.fabienm.eu\/wordpress\/<\/a><\/p>\n","protected":false},"excerpt":{"rendered":"<p>Il faut arr\u00eater d\u2019entraver la circulation des v\u00e9hicules \u00e0 moteur. Fluidifions la circulation!<\/p>\n","protected":false},"author":737,"featured_media":45909,"comment_status":"open","ping_status":"closed","sticky":false,"template":"","format":"standard","meta":[],"categories":[4,73,8,7],"tags":[110,1495,846],"views":9530,"_links":{"self":[{"href":"https:\/\/carfree.fr\/index.php\/wp-json\/wp\/v2\/posts\/45908"}],"collection":[{"href":"https:\/\/carfree.fr\/index.php\/wp-json\/wp\/v2\/posts"}],"about":[{"href":"https:\/\/carfree.fr\/index.php\/wp-json\/wp\/v2\/types\/post"}],"author":[{"embeddable":true,"href":"https:\/\/carfree.fr\/index.php\/wp-json\/wp\/v2\/users\/737"}],"replies":[{"embeddable":true,"href":"https:\/\/carfree.fr\/index.php\/wp-json\/wp\/v2\/comments?post=45908"}],"version-history":[{"count":0,"href":"https:\/\/carfree.fr\/index.php\/wp-json\/wp\/v2\/posts\/45908\/revisions"}],"wp:featuredmedia":[{"embeddable":true,"href":"https:\/\/carfree.fr\/index.php\/wp-json\/wp\/v2\/media\/45909"}],"wp:attachment":[{"href":"https:\/\/carfree.fr\/index.php\/wp-json\/wp\/v2\/media?parent=45908"}],"wp:term":[{"taxonomy":"category","embeddable":true,"href":"https:\/\/carfree.fr\/index.php\/wp-json\/wp\/v2\/categories?post=45908"},{"taxonomy":"post_tag","embeddable":true,"href":"https:\/\/carfree.fr\/index.php\/wp-json\/wp\/v2\/tags?post=45908"}],"curies":[{"name":"wp","href":"https:\/\/api.w.org\/{rel}","templated":true}]}}