{"id":46019,"date":"2024-06-11T09:28:02","date_gmt":"2024-06-11T08:28:02","guid":{"rendered":"https:\/\/carfree.fr\/?p=46019"},"modified":"2024-06-11T09:28:02","modified_gmt":"2024-06-11T08:28:02","slug":"un-automobilophobe","status":"publish","type":"post","link":"https:\/\/carfree.fr\/index.php\/2024\/06\/11\/un-automobilophobe\/","title":{"rendered":"Un automobilophobe"},"content":{"rendered":"<p>Un propri\u00e9taire de Cabourg, ennuy\u00e9 de voir les automobiles passer devant chez lui, l\u2019\u00e9t\u00e9 dernier, demanda \u00e0 la municipalit\u00e9 de l\u2019endroit qu\u2019elle interdit la circulation de ces v\u00e9hicules sur sa route. La municipalit\u00e9 n\u2019accorda pas l\u2019interdiction. <!--more--><\/p>\n<p>Furieux, notre Cabourgeois, \u00e0 l\u2019\u00e2me noire, truqua un arbre de sa propri\u00e9t\u00e9, lequel arbre tombait en travers de la route chaque fois qu\u2019une automobile \u00e9tait signal\u00e9e. Non content de cette premi\u00e8re vengeance il d\u00e9clarait derni\u00e8rement, \u00e0 la veille des \u00e9lections municipales, que si l\u2019adjoint, sa b\u00eate noire, \u00e9tait r\u00e9\u00e9lu, il transformerait sa villa en un sanatorium o\u00f9 l\u2019on ne soignerait que les maladies contagieuses: variole, teigne, pelade, etc.<\/p>\n<p>Les Cabourgeois ne prirent pas au s\u00e9rieux cette menace et renomm\u00e8rent leur adjoint. Et voil\u00e0 la villa qui se transforme en sanatorium! Le cas devenant grave, on alla trouver le propri\u00e9taire automobilophobe. On le pria, on le supplia; mais ent\u00eat\u00e9, il exigea, pour revenir sur sa d\u00e9cision, la d\u00e9mission de l\u2019adjoint. Et celui-ci r\u00e9pond aujourd\u2019hui \u00e0 ses \u00e9lecteurs: \u00abJ\u2019y suis, j\u2019y reste ! \u00bb Comment finira le conflit? <\/p>\n<p>La Gazette du Centre, 23 mai 1900.<\/p>\n<p><img decoding=\"async\" loading=\"lazy\" src=\"http:\/\/carfree.fr\/img\/2024\/05\/Autophobie-arbre-piege-1899.jpg\" alt=\"\" width=\"800\" height=\"598\" class=\"alignnone size-full wp-image-46027\" srcset=\"https:\/\/carfree.fr\/img\/2024\/05\/Autophobie-arbre-piege-1899.jpg 800w, https:\/\/carfree.fr\/img\/2024\/05\/Autophobie-arbre-piege-1899-640x478.jpg 640w\" sizes=\"(max-width: 800px) 100vw, 800px\" \/><\/p>\n","protected":false},"excerpt":{"rendered":"<p>Un propri\u00e9taire de Cabourg, ennuy\u00e9 de voir les automobiles passer devant chez lui, l\u2019\u00e9t\u00e9 dernier, demanda \u00e0 la municipalit\u00e9 de l\u2019endroit qu\u2019elle interdit la circulation de ces v\u00e9hicules sur sa <a class=\"more-link\" href=\"https:\/\/carfree.fr\/index.php\/2024\/06\/11\/un-automobilophobe\/\">Lire la suite&#8230;<\/a><\/p>\n","protected":false},"author":1662,"featured_media":46026,"comment_status":"open","ping_status":"closed","sticky":false,"template":"","format":"standard","meta":[],"categories":[73],"tags":[706,286,198,846,1398],"views":8344,"_links":{"self":[{"href":"https:\/\/carfree.fr\/index.php\/wp-json\/wp\/v2\/posts\/46019"}],"collection":[{"href":"https:\/\/carfree.fr\/index.php\/wp-json\/wp\/v2\/posts"}],"about":[{"href":"https:\/\/carfree.fr\/index.php\/wp-json\/wp\/v2\/types\/post"}],"author":[{"embeddable":true,"href":"https:\/\/carfree.fr\/index.php\/wp-json\/wp\/v2\/users\/1662"}],"replies":[{"embeddable":true,"href":"https:\/\/carfree.fr\/index.php\/wp-json\/wp\/v2\/comments?post=46019"}],"version-history":[{"count":0,"href":"https:\/\/carfree.fr\/index.php\/wp-json\/wp\/v2\/posts\/46019\/revisions"}],"wp:featuredmedia":[{"embeddable":true,"href":"https:\/\/carfree.fr\/index.php\/wp-json\/wp\/v2\/media\/46026"}],"wp:attachment":[{"href":"https:\/\/carfree.fr\/index.php\/wp-json\/wp\/v2\/media?parent=46019"}],"wp:term":[{"taxonomy":"category","embeddable":true,"href":"https:\/\/carfree.fr\/index.php\/wp-json\/wp\/v2\/categories?post=46019"},{"taxonomy":"post_tag","embeddable":true,"href":"https:\/\/carfree.fr\/index.php\/wp-json\/wp\/v2\/tags?post=46019"}],"curies":[{"name":"wp","href":"https:\/\/api.w.org\/{rel}","templated":true}]}}