{"id":46058,"date":"2024-06-21T15:32:34","date_gmt":"2024-06-21T14:32:34","guid":{"rendered":"https:\/\/carfree.fr\/?p=46058"},"modified":"2024-08-06T08:52:02","modified_gmt":"2024-08-06T07:52:02","slug":"consigne-de-vote-dun-automobiliste","status":"publish","type":"post","link":"https:\/\/carfree.fr\/index.php\/2024\/06\/21\/consigne-de-vote-dun-automobiliste\/","title":{"rendered":"Consigne de vote d&rsquo;un automobiliste"},"content":{"rendered":"<p>L&rsquo;heure est grave, les \u00e9lections l\u00e9gislatives approchent et le parti automobiliste fran\u00e7ais doit se f\u00e9d\u00e9rer pour lutter contre le plus grand danger qui menace la plan\u00e8te, \u00e0 savoir l&rsquo;\u00e9cologie. <!--more--><\/p>\n<p>Maintenant il faut dire les choses, l&rsquo;\u00e9cologie est en train de d\u00e9truire la plan\u00e8te et tout le monde laisse faire. En effet, personne ne le dit, sans doute parce que le lobby \u00e9cologiste qui gouverne le monde et la France en particulier le cache sciemment, mais notre civilisation est en train de s&rsquo;effondrer \u00e0 cause de l&rsquo;\u00e9cologie.<\/p>\n<p>D\u00e9j\u00e0, l&rsquo;\u00e9cologie d\u00e9tient tous les rouages, tous les pouvoirs, depuis le GIEC, en passant par la Banque mondiale, le FMI ou la mairie de Paris. Pas un seul petit village de France qui ne poss\u00e8de son \u00ab\u00a0conseiller municipal \u00e9colo\u00a0\u00bb tout droit sorti de Cor\u00e9e du Nord pour nous imposer les dix plaies d&rsquo;Egypte: r\u00e9chauffement climatique, pollution g\u00e9n\u00e9ralis\u00e9e, nourriture bio \u00e0 la cantine, toilettes s\u00e8ches, dix-huiti\u00e8me extinction de la plan\u00e8te vivante, massacre des b\u00e9b\u00e9s vers de terre, pistes cyclables, tri s\u00e9lectif, interdiction de tuer les chats, barbecues vegan, etc.<\/p>\n<p>Quant aux m\u00e9dias inf\u00e9od\u00e9s \u00e0 l&rsquo;id\u00e9ologie \u00e9cologiste, n&rsquo;en parlons pas. Toutes les cha\u00eenes de t\u00e9l\u00e9vision, toute la presse \u00e9crite et m\u00eame les journaux sans images ne parlent que d&rsquo;\u00e9cologie, au lieu de parler des probl\u00e8mes fondamentaux qui nous concernent tous, comme les faits divers, l&rsquo;immigration ou la fin des limitations de vitesse. Il suffit de passer une heure sur BFM ou sur CNews pour voir le matraquage \u00e9cologique \u00e0 l&rsquo;\u0153uvre.<\/p>\n<p>C&rsquo;est bien simple, on a l&rsquo;impression qu&rsquo;on vit sur une plan\u00e8te o\u00f9 le climat se r\u00e9chauffe, o\u00f9 la pollution se g\u00e9n\u00e9ralise et o\u00f9 m\u00eame l&rsquo;eau potable dispara\u00eetra bient\u00f4t, alors qu&rsquo;on a peut-\u00eatre jamais vendu autant de bouteilles d&rsquo;eau en plastique! Bient\u00f4t ils vont nous dire que l&rsquo;eau potable est pollu\u00e9e et qu&rsquo;il y a des pesticides dans la nourriture! Tout \u00e7a pour qu&rsquo;on arr\u00eate de boire et de manger afin de nous faire mourir pour diminuer la m\u00e9chante pression humaine sur la gentille plan\u00e8te.<\/p>\n<p>Car leur projet, c&rsquo;est le Grand remplacement des humains par des vers de terre ou des belettes \u00e0 p\u00e9dale. La transformation de l&rsquo;automobiliste en cycliste \u00e9colo-bobo n&rsquo;est qu&rsquo;une \u00e9tape interm\u00e9diaire de leur projet 4x4icide. Regardez bien tous ces \u00e9colos, ils sont d\u00e9j\u00e0 en train de se transformer en animaux, qui un mulot, qui une souris ou un blaireau. M\u00eame Sardine Rousseau a une t\u00eate de poisson!<\/p>\n<p>On le voit bien avec la campagne pour les \u00e9lections l\u00e9gislatives, tout le monde ne parle que d&rsquo;\u00e9cologie, comme si \u00e7a int\u00e9ressait quelqu&rsquo;un de savoir si le d\u00e9r\u00e8glement climatique va provoquer des canicules l&rsquo;\u00e9t\u00e9 prochain ou des inondations cet hiver. S&rsquo;il fait chaud, je brancherai la climatisation et si mon quartier est inond\u00e9, j&rsquo;ach\u00e8terai un Zodiac.<\/p>\n<p>Le pire de tous, le Kim Jong-un de l&rsquo;\u00e9cologie, c&rsquo;est quand m\u00eame Christophe B\u00e9chu. Bon d&rsquo;accord il ne fait rien depuis qu&rsquo;il est ministre de l&rsquo;\u00e9cologie, mais c&rsquo;est justement que \u00e7a cache quelque chose! Il ourdit sans doute un complot mondial \u00e9cologiste pour rendre obligatoire le v\u00e9lo \u00e9lectrique chinois.<\/p>\n<p>En fait, s&rsquo;il y a un r\u00e9chauffement climatique, malgr\u00e9 ce que disent les experts climatiques trumpistes, c&rsquo;est uniquement li\u00e9 au fait que les \u00e9cologistes ne parlent que de \u00e7a. Si on n&rsquo;en parlait pas, il n&rsquo;y aurait plus de probl\u00e8me. <\/p>\n<p>Et la meilleure mani\u00e8re de les faire taire, c&rsquo;est de leur donner le pouvoir! En votant pour eux et pour toutes leurs conneries de Nouveau Front Populaire, on va les mettre au pied du mur. Des ann\u00e9es qu&rsquo;ils nous bassinent avec l&rsquo;\u00e9cologie-gna-gna, les pistes cyclables trucmuche ou la climatisation qui se d\u00e9r\u00e8gle. Donnons-leur le pouvoir une bonne fois pour toutes pour les faire taire! <\/p>\n<p>Je sais que ma tactique \u00e9lectorale est os\u00e9e, mais c&rsquo;est parce que nous, on est plus intelligents qu&rsquo;eux! En votant pour des d\u00e9put\u00e9s du Nouveau Front Populaire, on pourrait peut-\u00eatre m\u00eame avoir un Premier ministre de gauche \u00e9colo, et alors l\u00e0, on leur clouera le bec!<\/p>\n<p>Image: <a href=\"https:\/\/carfree.fr\/index.php\/2016\/05\/11\/propagande-automobile\/\">Propagande automobile<\/a><\/p>\n","protected":false},"excerpt":{"rendered":"<p>L&rsquo;heure est grave, les \u00e9lections l\u00e9gislatives approchent et le parti automobiliste fran\u00e7ais doit se f\u00e9d\u00e9rer pour lutter contre le plus grand danger qui menace la plan\u00e8te, \u00e0 savoir l&rsquo;\u00e9cologie.<\/p>\n","protected":false},"author":3,"featured_media":30453,"comment_status":"open","ping_status":"closed","sticky":false,"template":"","format":"standard","meta":[],"categories":[73],"tags":[1709,1850,84,1285,846,287],"views":9249,"_links":{"self":[{"href":"https:\/\/carfree.fr\/index.php\/wp-json\/wp\/v2\/posts\/46058"}],"collection":[{"href":"https:\/\/carfree.fr\/index.php\/wp-json\/wp\/v2\/posts"}],"about":[{"href":"https:\/\/carfree.fr\/index.php\/wp-json\/wp\/v2\/types\/post"}],"author":[{"embeddable":true,"href":"https:\/\/carfree.fr\/index.php\/wp-json\/wp\/v2\/users\/3"}],"replies":[{"embeddable":true,"href":"https:\/\/carfree.fr\/index.php\/wp-json\/wp\/v2\/comments?post=46058"}],"version-history":[{"count":0,"href":"https:\/\/carfree.fr\/index.php\/wp-json\/wp\/v2\/posts\/46058\/revisions"}],"wp:featuredmedia":[{"embeddable":true,"href":"https:\/\/carfree.fr\/index.php\/wp-json\/wp\/v2\/media\/30453"}],"wp:attachment":[{"href":"https:\/\/carfree.fr\/index.php\/wp-json\/wp\/v2\/media?parent=46058"}],"wp:term":[{"taxonomy":"category","embeddable":true,"href":"https:\/\/carfree.fr\/index.php\/wp-json\/wp\/v2\/categories?post=46058"},{"taxonomy":"post_tag","embeddable":true,"href":"https:\/\/carfree.fr\/index.php\/wp-json\/wp\/v2\/tags?post=46058"}],"curies":[{"name":"wp","href":"https:\/\/api.w.org\/{rel}","templated":true}]}}