{"id":46078,"date":"2024-08-08T07:52:30","date_gmt":"2024-08-08T06:52:30","guid":{"rendered":"https:\/\/carfree.fr\/?p=46078"},"modified":"2024-08-08T07:52:30","modified_gmt":"2024-08-08T06:52:30","slug":"promener-son-chien-en-voiture","status":"publish","type":"post","link":"https:\/\/carfree.fr\/index.php\/2024\/08\/08\/promener-son-chien-en-voiture\/","title":{"rendered":"Promener son chien en voiture"},"content":{"rendered":"<p>On connaissait les automobilistes qui emm\u00e8nent leur chien en voiture pour aller les promener, voici d\u00e9sormais les automobilistes qui prom\u00e8nent leur chien sans m\u00eame sortir de leur voiture! <!--more--><\/p>\n<p>Dimanche dernier, je courrais sur un chemin de campagne quand j&rsquo;ai eu la surprise de d\u00e9couvrir face \u00e0 moi un automobiliste qui promenait son chien la cul assis dans sa voiture. Le chien courrait devant la voiture et l&rsquo;automobiliste le suivait, \u00e9videmment sans laisse. <\/p>\n<p>Comme souvent quand je cours, le chien sans laisse s&rsquo;est montr\u00e9 rapidement agressif \u00e0 mon encontre vu que j&rsquo;arrivais en courant dans sa direction. Il a fallu que je lui fasse peur pour qu&rsquo;il s&rsquo;\u00e9loigne pendant que l&rsquo;automobiliste, qui n&rsquo;a pas quitt\u00e9 sa voiture et qui ne s&rsquo;est m\u00eame pas arr\u00eat\u00e9, me faisait des grands gestes pour me signifier que je ne risquais rien&#8230;<\/p>\n<p>A quel degr\u00e9 de s\u00e9dentarit\u00e9 notre soci\u00e9t\u00e9 est-elle arriv\u00e9e pour qu&rsquo;un automobiliste ne daigne m\u00eame plus descendre de sa voiture pour promener son chien? D\u00e9j\u00e0, le simple fait de devoir prendre sa voiture pour emmener son chien \u00e0 un endroit donn\u00e9 pour une balade pose question. Pourquoi ne pas prendre la laisse et sortir de chez soi \u00e0 pied?<\/p>\n<p>A vrai dire, c&rsquo;est un peu comme les gens qui prennent leur voiture pour aller courir ou faire du v\u00e9lo&#8230; Sortez de chez vous tout simplement en courant ou \u00e0 v\u00e9lo! Ou pire, ceux qui prennent la voiture pour aller \u00e0 la salle de sport&#8230; afin de courir sur un tapis de marche&#8230; Insondable b\u00eatise humaine.<\/p>\n<p>Mais l\u00e0, on franchit un stade suppl\u00e9mentaire dans la connerie automobile. Un \u00eatre humain dot\u00e9 de deux pieds d\u00e9cide, en toute conscience, de prendre son chien dans sa voiture pour l&#8217;emmener se promener sur un chemin de campagne. Arriv\u00e9 au d\u00e9but du chemin, il fait sortir le chien de la voiture et le laisse divaguer tout en le suivant derri\u00e8re au ralenti&#8230;<\/p>\n<p>Vous allez me dire, c&rsquo;est sans doute un cas exceptionnel qui s&rsquo;explique, l&rsquo;automobiliste en question est probablement handicap\u00e9. Sauf qu&rsquo;en cherchant un peu sur internet, on trouve des dizaines de cas comme celui-ci et \u00e0 chaque fois l&rsquo;automobiliste n&rsquo;est pas du tout handicap\u00e9: il est en mesure de conduire et de marcher.<\/p>\n<p>Apparemment, il s&rsquo;agit d&rsquo;une pratique assez fr\u00e9quente en Am\u00e9rique du Nord, particuli\u00e8rement aux USA, o\u00f9 les automobilistes prom\u00e8nent m\u00eame leur chien avec la laisse (Cf photo du haut), ce qui, en plus d&rsquo;\u00eatre compl\u00e8tement con, est potentiellement tr\u00e8s dangereux pour le chien&#8230;<\/p>\n<p>Et quand on creuse un peu le sujet, on voit qu&rsquo;il s&rsquo;agit souvent d&rsquo;automobilistes ob\u00e8ses ou en surpoids&#8230; qui ont tout simplement la flemme de marcher, ce qui explique peut-\u00eatre en partie leur surpoids?<\/p>\n<p>Cette anecdote en dit long sur l&rsquo;\u00e9tat de d\u00e9labrement de notre soci\u00e9t\u00e9 et rappelle quelque peu le film d&rsquo;animation Wall-e dans lequel les \u00eatres humains du futur sont tous devenus ob\u00e8ses et ne savent m\u00eame plus marcher. Du fait de leur compl\u00e8te passivit\u00e9 et d\u00e9pendance envers les machines, les humains ont perdu l&rsquo;usage de leurs jambes atrophi\u00e9es, sont devenus ob\u00e8ses et ne se d\u00e9placent d\u00e9sormais que sur des fauteuils volants motoris\u00e9s.<\/p>\n<p>La prochaine \u00e9tape, c&rsquo;est probablement la <a href=\"https:\/\/carfree.fr\/index.php\/2011\/10\/03\/la-voiture-pour-chien\/\">voiture pour chien<\/a>! Il ne reste en effet plus qu&rsquo;\u00e0 inventer une voiture autonome destin\u00e9e au chien qui pourra ainsi aller se promener tout seul sans son ma\u00eetre et sans m\u00eame sortir de la voiture, pendant que son ma\u00eetre ob\u00e8se pourra rester tranquillement dans son canap\u00e9 \u00e0 manger des chips. On suppose qu&rsquo;\u00e0 ce stade, le chien aussi sera ob\u00e8se&#8230;<\/p>\n","protected":false},"excerpt":{"rendered":"<p>On connaissait les automobilistes qui emm\u00e8nent leur chien en voiture pour aller les promener, voici d\u00e9sormais les automobilistes qui prom\u00e8nent leur chien sans m\u00eame sortir de leur voiture!<\/p>\n","protected":false},"author":18,"featured_media":46079,"comment_status":"open","ping_status":"closed","sticky":false,"template":"","format":"standard","meta":[],"categories":[73],"tags":[1844,224,846],"views":8973,"_links":{"self":[{"href":"https:\/\/carfree.fr\/index.php\/wp-json\/wp\/v2\/posts\/46078"}],"collection":[{"href":"https:\/\/carfree.fr\/index.php\/wp-json\/wp\/v2\/posts"}],"about":[{"href":"https:\/\/carfree.fr\/index.php\/wp-json\/wp\/v2\/types\/post"}],"author":[{"embeddable":true,"href":"https:\/\/carfree.fr\/index.php\/wp-json\/wp\/v2\/users\/18"}],"replies":[{"embeddable":true,"href":"https:\/\/carfree.fr\/index.php\/wp-json\/wp\/v2\/comments?post=46078"}],"version-history":[{"count":0,"href":"https:\/\/carfree.fr\/index.php\/wp-json\/wp\/v2\/posts\/46078\/revisions"}],"wp:featuredmedia":[{"embeddable":true,"href":"https:\/\/carfree.fr\/index.php\/wp-json\/wp\/v2\/media\/46079"}],"wp:attachment":[{"href":"https:\/\/carfree.fr\/index.php\/wp-json\/wp\/v2\/media?parent=46078"}],"wp:term":[{"taxonomy":"category","embeddable":true,"href":"https:\/\/carfree.fr\/index.php\/wp-json\/wp\/v2\/categories?post=46078"},{"taxonomy":"post_tag","embeddable":true,"href":"https:\/\/carfree.fr\/index.php\/wp-json\/wp\/v2\/tags?post=46078"}],"curies":[{"name":"wp","href":"https:\/\/api.w.org\/{rel}","templated":true}]}}