{"id":46085,"date":"2024-08-20T15:54:28","date_gmt":"2024-08-20T14:54:28","guid":{"rendered":"https:\/\/carfree.fr\/?p=46085"},"modified":"2024-08-28T15:24:24","modified_gmt":"2024-08-28T14:24:24","slug":"carfree-cest-fini","status":"publish","type":"post","link":"https:\/\/carfree.fr\/index.php\/2024\/08\/20\/carfree-cest-fini\/","title":{"rendered":"Carfree, c&rsquo;est fini !"},"content":{"rendered":"<p>L\u2019h\u00e9bergeur du site Carfree, Gandi, vient de nous informer d&rsquo;une augmentation de ses tarifs d&rsquo;h\u00e9bergement de 500%! Les raisons \u00e9voqu\u00e9es par Gandi portent sur un \u00ab\u00a0<em>contexte \u00e9conomique global haussier et incertain<\/em>.\u00a0\u00bb <!--more--><\/p>\n<p>En particulier, la hausse du prix du mat\u00e9riel informatique et du co\u00fbt des infrastructures serait en cause, mais on peut se demander si le fait que l&rsquo;h\u00e9bergeur Gandi a \u00e9t\u00e9 rachet\u00e9 r\u00e9cemment par un groupe international ne serait pas li\u00e9 \u00e0 cette augmentation massive du co\u00fbt.<\/p>\n<p>Au vu de nos faibles ressources, nous ne sommes donc plus en mesure d\u2019assurer dans l\u2019imm\u00e9diat l\u2019h\u00e9bergement et la maintenance du site qui devrait s&rsquo;arr\u00eater d\u00e9finitivement dans deux mois environ. Merci de sauvegarder d&rsquo;ici l\u00e0 les articles qui pourraient vous int\u00e9resser. Nous nous excusons pour les d\u00e9sagr\u00e9ments occasionn\u00e9s.<\/p>\n<p>Merci pour votre soutien !<\/p>\n","protected":false},"excerpt":{"rendered":"<p>L\u2019h\u00e9bergeur du site Carfree, Gandi, vient de nous informer d&rsquo;une augmentation de ses tarifs d&rsquo;h\u00e9bergement de 500%! Les raisons \u00e9voqu\u00e9es par Gandi portent sur un \u00ab\u00a0contexte \u00e9conomique global haussier et <a class=\"more-link\" href=\"https:\/\/carfree.fr\/index.php\/2024\/08\/20\/carfree-cest-fini\/\">Lire la suite&#8230;<\/a><\/p>\n","protected":false},"author":1390,"featured_media":46086,"comment_status":"open","ping_status":"closed","sticky":false,"template":"","format":"standard","meta":[],"categories":[4,73,70],"tags":[1709,1850,181,171,15,16,760,41,210,105],"views":9463,"_links":{"self":[{"href":"https:\/\/carfree.fr\/index.php\/wp-json\/wp\/v2\/posts\/46085"}],"collection":[{"href":"https:\/\/carfree.fr\/index.php\/wp-json\/wp\/v2\/posts"}],"about":[{"href":"https:\/\/carfree.fr\/index.php\/wp-json\/wp\/v2\/types\/post"}],"author":[{"embeddable":true,"href":"https:\/\/carfree.fr\/index.php\/wp-json\/wp\/v2\/users\/1390"}],"replies":[{"embeddable":true,"href":"https:\/\/carfree.fr\/index.php\/wp-json\/wp\/v2\/comments?post=46085"}],"version-history":[{"count":0,"href":"https:\/\/carfree.fr\/index.php\/wp-json\/wp\/v2\/posts\/46085\/revisions"}],"wp:featuredmedia":[{"embeddable":true,"href":"https:\/\/carfree.fr\/index.php\/wp-json\/wp\/v2\/media\/46086"}],"wp:attachment":[{"href":"https:\/\/carfree.fr\/index.php\/wp-json\/wp\/v2\/media?parent=46085"}],"wp:term":[{"taxonomy":"category","embeddable":true,"href":"https:\/\/carfree.fr\/index.php\/wp-json\/wp\/v2\/categories?post=46085"},{"taxonomy":"post_tag","embeddable":true,"href":"https:\/\/carfree.fr\/index.php\/wp-json\/wp\/v2\/tags?post=46085"}],"curies":[{"name":"wp","href":"https:\/\/api.w.org\/{rel}","templated":true}]}}