{"id":46097,"date":"2024-08-28T16:02:14","date_gmt":"2024-08-28T15:02:14","guid":{"rendered":"https:\/\/carfree.fr\/?p=46097"},"modified":"2024-08-28T16:04:36","modified_gmt":"2024-08-28T15:04:36","slug":"carfree-ca-repart","status":"publish","type":"post","link":"https:\/\/carfree.fr\/index.php\/2024\/08\/28\/carfree-ca-repart\/","title":{"rendered":"Carfree \u00e7a repart !"},"content":{"rendered":"<p>Bonne nouvelle, Carfree, \u00e7a repart ! Suite \u00e0 l&rsquo;augmentation de 500% des tarifs de l&rsquo;h\u00e9bergement chez Gandi, on \u00e9tait gravement menac\u00e9 de disparition. Heureusement, l&rsquo;effet r\u00e9seau a fonctionn\u00e9 \u00e0 plein et on a pu b\u00e9n\u00e9ficier d&rsquo;une solution gratuite permettant de p\u00e9renniser le site Carfree dans le temps. <!--more--><\/p>\n<p>D\u00e9j\u00e0, merci \u00e0 tous pour votre mobilisation. Le risque bien r\u00e9el de voir le site Carfree dispara\u00eetre d&rsquo;internet a suscit\u00e9 de nombreuses r\u00e9actions de soutien, preuve que ce site de 20 ans d&rsquo;\u00e2ge a une importance certaine pour quelques personnes. Avec ses plus de 5000 articles et plus de 30.000 commentaires, il s&rsquo;agit d&rsquo;une banque de donn\u00e9es essentielle sur la mobilit\u00e9 en g\u00e9n\u00e9ral et sur les alternatives \u00e0 l&rsquo;automobile en particulier. Certains internautes ont m\u00eame parl\u00e9 du site Carfree comme d&rsquo;un \u00ab\u00a0service public,\u00a0\u00bb ce qui en soi est une cons\u00e9cration, mais aussi une inqui\u00e9tude quand on sait comment sont en g\u00e9n\u00e9ral financ\u00e9s les services publics&#8230;<\/p>\n<p>Rapidement, de nombreuses propositions, plus ou moins s\u00e9rieuses, ont afflu\u00e9 et en particulier, une proposition d&rsquo;h\u00e9bergement gratuite sur un serveur via un internaute sur Twitter qui a permis de d\u00e9bloquer la situation. Avec une instance d\u00e9di\u00e9e et du support technique, on a pu migrer rapidement tout le site depuis Gandi.<\/p>\n<p>Le nouveau site devrait d\u00e9sormais \u00eatre op\u00e9rationnel, merci de nous informer via la <a href=\"https:\/\/carfree.fr\/index.php\/contact\/\">page contact<\/a> si vous constatez des dysfonctionnements.<\/p>\n<p>On est donc d\u00e9sormais sauv\u00e9, le site est p\u00e9rennis\u00e9 et en plus c&rsquo;est gratuit. Enfin, l&rsquo;h\u00e9bergement est gratuit, il reste encore \u00e0 payer le nom de domaine, mais c&rsquo;est beaucoup moins cher, moins de 20 euros par an, on devrait donc s&rsquo;en sortir.<\/p>\n<p>Merci pour votre soutien !<\/p>\n","protected":false},"excerpt":{"rendered":"<p>Bonne nouvelle, Carfree, \u00e7a repart ! Suite \u00e0 l&rsquo;augmentation de 500% des tarifs de l&rsquo;h\u00e9bergement chez Gandi, on \u00e9tait gravement menac\u00e9 de disparition. Heureusement, l&rsquo;effet r\u00e9seau a fonctionn\u00e9 \u00e0 plein <a class=\"more-link\" href=\"https:\/\/carfree.fr\/index.php\/2024\/08\/28\/carfree-ca-repart\/\">Lire la suite&#8230;<\/a><\/p>\n","protected":false},"author":1390,"featured_media":41055,"comment_status":"open","ping_status":"closed","sticky":false,"template":"","format":"standard","meta":[],"categories":[4,73],"tags":[1709,1850,181,171,15,16,760,41,210,105],"views":9792,"_links":{"self":[{"href":"https:\/\/carfree.fr\/index.php\/wp-json\/wp\/v2\/posts\/46097"}],"collection":[{"href":"https:\/\/carfree.fr\/index.php\/wp-json\/wp\/v2\/posts"}],"about":[{"href":"https:\/\/carfree.fr\/index.php\/wp-json\/wp\/v2\/types\/post"}],"author":[{"embeddable":true,"href":"https:\/\/carfree.fr\/index.php\/wp-json\/wp\/v2\/users\/1390"}],"replies":[{"embeddable":true,"href":"https:\/\/carfree.fr\/index.php\/wp-json\/wp\/v2\/comments?post=46097"}],"version-history":[{"count":0,"href":"https:\/\/carfree.fr\/index.php\/wp-json\/wp\/v2\/posts\/46097\/revisions"}],"wp:featuredmedia":[{"embeddable":true,"href":"https:\/\/carfree.fr\/index.php\/wp-json\/wp\/v2\/media\/41055"}],"wp:attachment":[{"href":"https:\/\/carfree.fr\/index.php\/wp-json\/wp\/v2\/media?parent=46097"}],"wp:term":[{"taxonomy":"category","embeddable":true,"href":"https:\/\/carfree.fr\/index.php\/wp-json\/wp\/v2\/categories?post=46097"},{"taxonomy":"post_tag","embeddable":true,"href":"https:\/\/carfree.fr\/index.php\/wp-json\/wp\/v2\/tags?post=46097"}],"curies":[{"name":"wp","href":"https:\/\/api.w.org\/{rel}","templated":true}]}}