{"id":46137,"date":"2024-11-12T10:09:39","date_gmt":"2024-11-12T09:09:39","guid":{"rendered":"https:\/\/carfree.fr\/?p=46137"},"modified":"2024-11-12T11:56:06","modified_gmt":"2024-11-12T10:56:06","slug":"rene-dumont-geant-vert","status":"publish","type":"post","link":"https:\/\/carfree.fr\/index.php\/2024\/11\/12\/rene-dumont-geant-vert\/","title":{"rendered":"Ren\u00e9 Dumont, g\u00e9ant vert"},"content":{"rendered":"<p>Pour la plupart d&rsquo;entre nous, Ren\u00e9 Dumont est l&rsquo;homme au pull rouge qui a brandi un verre d&rsquo;eau \u00e0 la t\u00e9l\u00e9vision en 1974 en annon\u00e7ant l&rsquo;apocalypse. Un fada qui, comme ces fous des villes au Moyen \u00c2ge, annonce la peste et fait rire. Ce fada est alors le premier candidat \u00e9cologiste \u00e0 une \u00e9lection pr\u00e9sidentielle. C&rsquo;\u00e9tait il y a 50 ans, Ren\u00e9 Dumont \u00e9tait alors \u00e0 la fois un proph\u00e8te et un visionnaire. <!--more--><\/p>\n<p>A l&rsquo;occasion des 50 ans de la premi\u00e8re campagne pr\u00e9sidentielle du mouvement \u00e9cologiste, la cha\u00eene de t\u00e9l\u00e9vision LCP propose en ligne un documentaire sur le candidat Ren\u00e9 Dumont, \u00ab\u00a0<a href=\"https:\/\/lcp.fr\/programmes\/rene-dumont-geant-vert-313381\" rel=\"noopener\" target=\"_blank\">le G\u00e9ant vert<\/a>.\u00a0\u00bb En 1974, Ren\u00e9 Dumont brandissait un verre d&rsquo;eau \u00e0 la t\u00e9l\u00e9vision, un demi-si\u00e8cle plus tard, la bataille de l&rsquo;eau fait rage aux quatre coins du monde ainsi que dans plusieurs r\u00e9gions fran\u00e7aises et l&rsquo;eau du robinet, tout comme l&rsquo;eau en bouteille, est d\u00e9sormais largement contamin\u00e9e par les pesticides ou autres polluants \u00e9ternels.<\/p>\n<p>En 1974, Ren\u00e9 Dumont a 70 ans et une longue carri\u00e8re d&rsquo;ing\u00e9nieur agronome et de sp\u00e9cialiste international de l&rsquo;agriculture dans ce que l&rsquo;on appelle alors le \u00ab\u00a0Tiers-Monde.\u00a0\u00bb Il a parcouru le monde entier et s&rsquo;est peu \u00e0 peu converti \u00e0 l&rsquo;\u00e9cologie apr\u00e8s avoir \u00e9t\u00e9 le \u00ab\u00a0premier productiviste de France\u00a0\u00bb dans les ann\u00e9es 50. Lui, le professeur de l&rsquo;agriculture intensive des Trente Glorieuses, se met \u00e0 penser contre lui-m\u00eame et critique radicalement le mod\u00e8le de croissance occidental. <\/p>\n<p>A la mort de Pompidou en 1974, des \u00e9cologistes pas encore organis\u00e9s d\u00e9cident de proposer un candidat \u00e0 l&rsquo;\u00e9lection pr\u00e9sidentielle afin de b\u00e9n\u00e9ficier du temps d&rsquo;antenne offert aux candidats par l&rsquo;ORTF \u00e0 la t\u00e9l\u00e9vision. Ils vont voir alors Ren\u00e9 Dumont et lui demandent d&rsquo;\u00eatre leur candidat, ce qu&rsquo;il accepte au bout de 24 heures de r\u00e9flexion et \u00e0 la condition de pouvoir parler aussi du Tiers-monde.<\/p>\n<p>D\u00e8s lors, la premi\u00e8re campagne \u00e9lectorale des \u00e9cologistes d\u00e9bute avec comme directeur de campagne Brice Lalonde, alors pr\u00e9sident de la section fran\u00e7aise de l&rsquo;association des Amis de la Terre.<\/p>\n<p>Selon les intervenants du documentaire, d\u00e8s le d\u00e9part, \u00ab\u00a0<em>\u00e7a partait dans tous les sens, c&rsquo;\u00e9tait pas un programme construit. Son premier ennemi, c&rsquo;\u00e9tait la bagnole. C&rsquo;\u00e9tait l&rsquo;objet typique de la d\u00e9rive de notre monde. La bagnole, c&rsquo;\u00e9tait la r\u00e9gression de l&rsquo;int\u00e9r\u00eat collectif. C&rsquo;est l&rsquo;\u00e9talement de la richesse individuelle et c&rsquo;\u00e9tait en plus l&rsquo;imposition d&rsquo;un mod\u00e8le de d\u00e9veloppement dans les pays du Sud : \u00ab\u00a0Ayez aussi votre propre voiture, vous serez aussi un individu autonome et libre.<\/em>\u00a0\u00bb<\/p>\n<p>Ren\u00e9 Dumont fait sa campagne \u00e9lectorale \u00e0 v\u00e9lo, veut augmenter le prix de l&rsquo;essence, promouvoir l&rsquo;\u00e9nergie solaire, le recyclage, stopper le gigantisme industriel et la construction de centrales nucl\u00e9aires. Le d\u00e9calage est total avec le programme des autres candidats.<\/p>\n<p>Au-del\u00e0 de la campagne \u00e9lectorale de 1974, l&rsquo;int\u00e9r\u00eat du documentaire est aussi de retracer l&rsquo;ensemble du parcours de Ren\u00e9 Dumont et son \u00e9volution personnelle depuis le productivisme agricole jusqu&rsquo;\u00e0 sa critique du capitalisme et du socialisme sovi\u00e9tique.<\/p>\n<p>Ren\u00e9 Dumont, g\u00e9ant vert<br \/>\n<a href=\"https:\/\/lcp.fr\/programmes\/rene-dumont-geant-vert-313381\" rel=\"noopener\" target=\"_blank\">https:\/\/lcp.fr\/programmes\/rene-dumont-geant-vert-313381<\/a><\/p>\n","protected":false},"excerpt":{"rendered":"<p>Pour la plupart d&rsquo;entre nous, Ren\u00e9 Dumont est l&rsquo;homme au pull rouge qui a brandi un verre d&rsquo;eau \u00e0 la t\u00e9l\u00e9vision en 1974 en annon\u00e7ant l&rsquo;apocalypse. Un fada qui, comme <a class=\"more-link\" href=\"https:\/\/carfree.fr\/index.php\/2024\/11\/12\/rene-dumont-geant-vert\/\">Lire la suite&#8230;<\/a><\/p>\n","protected":false},"author":584,"featured_media":46139,"comment_status":"open","ping_status":"closed","sticky":false,"template":"","format":"standard","meta":[],"categories":[4,52,73],"tags":[1709,1850,886,11,1770,84,1285,308,198,287,784,648],"views":7001,"_links":{"self":[{"href":"https:\/\/carfree.fr\/index.php\/wp-json\/wp\/v2\/posts\/46137"}],"collection":[{"href":"https:\/\/carfree.fr\/index.php\/wp-json\/wp\/v2\/posts"}],"about":[{"href":"https:\/\/carfree.fr\/index.php\/wp-json\/wp\/v2\/types\/post"}],"author":[{"embeddable":true,"href":"https:\/\/carfree.fr\/index.php\/wp-json\/wp\/v2\/users\/584"}],"replies":[{"embeddable":true,"href":"https:\/\/carfree.fr\/index.php\/wp-json\/wp\/v2\/comments?post=46137"}],"version-history":[{"count":0,"href":"https:\/\/carfree.fr\/index.php\/wp-json\/wp\/v2\/posts\/46137\/revisions"}],"wp:featuredmedia":[{"embeddable":true,"href":"https:\/\/carfree.fr\/index.php\/wp-json\/wp\/v2\/media\/46139"}],"wp:attachment":[{"href":"https:\/\/carfree.fr\/index.php\/wp-json\/wp\/v2\/media?parent=46137"}],"wp:term":[{"taxonomy":"category","embeddable":true,"href":"https:\/\/carfree.fr\/index.php\/wp-json\/wp\/v2\/categories?post=46137"},{"taxonomy":"post_tag","embeddable":true,"href":"https:\/\/carfree.fr\/index.php\/wp-json\/wp\/v2\/tags?post=46137"}],"curies":[{"name":"wp","href":"https:\/\/api.w.org\/{rel}","templated":true}]}}