{"id":46141,"date":"2024-11-13T09:40:17","date_gmt":"2024-11-13T08:40:17","guid":{"rendered":"https:\/\/carfree.fr\/?p=46141"},"modified":"2024-11-13T09:40:17","modified_gmt":"2024-11-13T08:40:17","slug":"ce-nest-que-le-debut","status":"publish","type":"post","link":"https:\/\/carfree.fr\/index.php\/2024\/11\/13\/ce-nest-que-le-debut\/","title":{"rendered":"Ce n&rsquo;est que le d\u00e9but"},"content":{"rendered":"<p>Souvent, une simple photographie vaut mieux qu&rsquo;un long discours. C&rsquo;est le cas avec cette photo prise \u00e0 Catarroja (Espagne), dans la province de Valence, le 12 novembre 2024, illustrant un <a href=\"https:\/\/www.lemonde.fr\/planete\/article\/2024\/11\/13\/espagne-de-nouvelles-pluies-torrentielles-attendues-des-ecoles-fermees_6390748_3244.html\" rel=\"noopener\" target=\"_blank\">article du journal Le Monde<\/a>. <!--more--><\/p>\n<p>On peut voir un homme marchant seul en bottes dans l&rsquo;eau et la boue, longeant une longue file de voitures entass\u00e9es les unes sur les autres, rendues inutilisables par un d\u00e9r\u00e8glement climatique qu&rsquo;elles ont particip\u00e9 \u00e0 provoquer&#8230;<\/p>\n<p>C&rsquo;est une image qui pourrait sortir tout droit d&rsquo;un film d&rsquo;anticipation d\u00e9crivant un futur fait de catastrophes et <a href=\"https:\/\/carfree.fr\/index.php\/2015\/10\/21\/leffondrement-cest-maintenant\/\">d&rsquo;effondrement<\/a>.<\/p>\n<p>En fait, non, c&rsquo;est juste le pr\u00e9sent. On est en 2024 et une temp\u00eate m\u00e9diterran\u00e9enne exceptionnelle a provoqu\u00e9 les inondations les plus meurtri\u00e8res en Espagne depuis des d\u00e9cennies. Ce ph\u00e9nom\u00e8ne m\u00e9t\u00e9orologique, survenu le 29 octobre dernier, a fait 223 morts, la plupart dans la r\u00e9gion de Valence, selon le dernier bilan officiel.<\/p>\n<p>Aujourd&rsquo;hui, mercredi 13 novembre 2024, une nouvelle vigilance rouge pour \u00ab danger extr\u00eame \u00bb a \u00e9t\u00e9 d\u00e9clar\u00e9e \u00e0 Tarragone (Catalogne) et \u00e0 Malaga (Andalousie).<\/p>\n<p>Ce n&rsquo;est que le d\u00e9but.<\/p>\n","protected":false},"excerpt":{"rendered":"<p>Souvent, une simple photographie vaut mieux qu&rsquo;un long discours. C&rsquo;est le cas avec cette photo prise \u00e0 Catarroja (Espagne), dans la province de Valence, le 12 novembre 2024, illustrant un <a class=\"more-link\" href=\"https:\/\/carfree.fr\/index.php\/2024\/11\/13\/ce-nest-que-le-debut\/\">Lire la suite&#8230;<\/a><\/p>\n","protected":false},"author":70,"featured_media":46142,"comment_status":"open","ping_status":"closed","sticky":false,"template":"","format":"standard","meta":[],"categories":[52,73,124],"tags":[605,57,53,194,1861,1838,1669],"views":7558,"_links":{"self":[{"href":"https:\/\/carfree.fr\/index.php\/wp-json\/wp\/v2\/posts\/46141"}],"collection":[{"href":"https:\/\/carfree.fr\/index.php\/wp-json\/wp\/v2\/posts"}],"about":[{"href":"https:\/\/carfree.fr\/index.php\/wp-json\/wp\/v2\/types\/post"}],"author":[{"embeddable":true,"href":"https:\/\/carfree.fr\/index.php\/wp-json\/wp\/v2\/users\/70"}],"replies":[{"embeddable":true,"href":"https:\/\/carfree.fr\/index.php\/wp-json\/wp\/v2\/comments?post=46141"}],"version-history":[{"count":0,"href":"https:\/\/carfree.fr\/index.php\/wp-json\/wp\/v2\/posts\/46141\/revisions"}],"wp:featuredmedia":[{"embeddable":true,"href":"https:\/\/carfree.fr\/index.php\/wp-json\/wp\/v2\/media\/46142"}],"wp:attachment":[{"href":"https:\/\/carfree.fr\/index.php\/wp-json\/wp\/v2\/media?parent=46141"}],"wp:term":[{"taxonomy":"category","embeddable":true,"href":"https:\/\/carfree.fr\/index.php\/wp-json\/wp\/v2\/categories?post=46141"},{"taxonomy":"post_tag","embeddable":true,"href":"https:\/\/carfree.fr\/index.php\/wp-json\/wp\/v2\/tags?post=46141"}],"curies":[{"name":"wp","href":"https:\/\/api.w.org\/{rel}","templated":true}]}}