{"id":46238,"date":"2025-01-31T09:24:45","date_gmt":"2025-01-31T08:24:45","guid":{"rendered":"https:\/\/carfree.fr\/?p=46238"},"modified":"2025-01-31T09:24:45","modified_gmt":"2025-01-31T08:24:45","slug":"utrecht-construit-un-quartier-sans-voiture-de-12-000-habitants","status":"publish","type":"post","link":"https:\/\/carfree.fr\/index.php\/2025\/01\/31\/utrecht-construit-un-quartier-sans-voiture-de-12-000-habitants\/","title":{"rendered":"Utrecht construit un quartier sans voiture de 12.000 habitants"},"content":{"rendered":"<p>A Utrecht aux Pays-Bas, Merwede est un nouveau quartier urbain durable en cours de construction dans un endroit central non loin de la gare d&rsquo;Utrecht. Il s&rsquo;agit d&rsquo;un projet quasiment sans voitures d&rsquo;environ 12.000 habitants. <!--more--><\/p>\n<p>Un plan de d\u00e9veloppement urbain pour le r\u00e9am\u00e9nagement d&rsquo;une ancienne zone industrielle le long du canal nomm\u00e9 Merwedekanal a \u00e9t\u00e9 \u00e9labor\u00e9 par la municipalit\u00e9 d&rsquo;Utrecht en collaboration avec dix propri\u00e9taires fonciers. Le plan pr\u00e9voit un quartier mixte compos\u00e9 de 17 blocs. Il est pr\u00e9vu d&rsquo;y construire 6 000 appartements pour environ 12 000 habitants. Ce quartier urbain doit \u00eatre cr\u00e9\u00e9 avec un m\u00e9lange d&rsquo;habitat, d&#8217;emplois et de commerces, sur une surface totale d&rsquo;environ 24 ha. Dans la phase 1, environ 4.250 appartements doivent \u00eatre construits, suivis d&rsquo;environ 1.750 appartements. La construction des premiers appartements \u00e0 Merwede a commenc\u00e9 en 2023.<\/p>\n<p>M\u00eame selon les normes n\u00e9erlandaises, <a href=\"https:\/\/carfree.fr\/index.php\/2018\/08\/27\/la-metamorphose-dutrecht\/\">la ville d&rsquo;Utrecht<\/a> est \u00e9tonnamment favorable aux v\u00e9los et aux pi\u00e9tons, mais \u00e0 Merwede, il est pr\u00e9vu d&rsquo;am\u00e9liorer encore cette situation. Alors que dans une grande partie de la ville, les automobilistes sont trait\u00e9s comme des invit\u00e9s dans les \u00ab rues pi\u00e9tonnes \u00bb &#8211; ou pistes cyclables &#8211; il n&rsquo;y aura pratiquement pas de voitures dans le quartier de Merwede, qui sera bient\u00f4t r\u00e9am\u00e9nag\u00e9. Les magasins, les \u00e9coles et les autres commodit\u00e9s sont facilement accessibles \u00e0 pied et le centre d&rsquo;Utrecht, situ\u00e9 \u00e0 un kilom\u00e8tre au nord, est accessible apr\u00e8s un court trajet \u00e0 v\u00e9lo. La <a href=\"https:\/\/carfree.fr\/index.php\/2017\/04\/06\/12-000-velos-en-gare-dutrecht\/\">gare centrale d&rsquo;Utrecht<\/a> est \u00e0 environ 10 minutes \u00e0 v\u00e9lo du quartier.<\/p>\n<p>Afin de maintenir la surface totale utilis\u00e9e pour la mobilit\u00e9 au m\u00eame niveau malgr\u00e9 l&rsquo;augmentation de la population, il est n\u00e9cessaire que les gens choisissent des formes de mobilit\u00e9 plus efficaces sur le plan spatial (marche, v\u00e9lo et transports publics). La ville d&rsquo;Utrecht souhaite que la densification du centre-ville contribue \u00e0 un avenir sain dans lequel la vitalit\u00e9 \u00e9conomique, l&rsquo;attrait touristique, la vitalit\u00e9 culturelle, la qualit\u00e9 de vie, la s\u00e9curit\u00e9 et la durabilit\u00e9 dans les quartiers et les districts sont li\u00e9s (\u00ab\u00a0<em>Healthy Urban Living<\/em>\u00a0\u00bb ou \u00ab\u00a0ville saine\u00a0\u00bb). La marche et le v\u00e9lo pour les achats, les d\u00e9placements et les loisirs y contribueront.<\/p>\n<p>Il est pr\u00e9vu d&rsquo;installer 250 voitures partag\u00e9es dans le quartier, 21 500 places de stationnement pour v\u00e9los dans les b\u00e2timents et deux centres logistiques pour les livraisons de colis.<\/p>\n<p>Une entreprise de mobilit\u00e9 sera cr\u00e9\u00e9e et g\u00e9rera quatre parkings souterrains \u00e0 la p\u00e9riph\u00e9rie du quartier. Les habitants pourront y louer une place de parking pour 200 euros par mois, mais pas tous: il n&rsquo;y aura assez de places de parking que pour 1 m\u00e9nage sur 4. De ce fait, on peut parler de quartier \u00ab\u00a0pauvre en voitures.\u00a0\u00bb<\/p>\n<p>Un quartier voisin, Rivierenwijk, a mis en place un syst\u00e8me de stationnement payant afin d&rsquo;\u00e9viter l&rsquo;afflux \u00e9ventuel de v\u00e9hicules des habitants de Merwede.<\/p>\n<p>L&rsquo;entreprise de mobilit\u00e9 proposera des offres de location via une application pour des v\u00e9los, des v\u00e9los \u00e9lectriques, des v\u00e9los de transport, des v\u00e9los \u00e0 grande vitesse, ainsi que des voitures et des camionnettes \u00e9lectriques. Les voitures \u00e9lectriques serviront \u00e9galement de batteries, stockant l&rsquo;\u00e9lectricit\u00e9 produite par les b\u00e2timents de Merwede.<\/p>\n<p>Enfin, deux supermarch\u00e9s, des caf\u00e9s, des cr\u00e8ches, des \u00e9coles, un centre sportif, un centre de sant\u00e9 et une pharmacie sont pr\u00e9vus dans le quartier de Merwede afin de limiter les besoins de d\u00e9placement externes au quartier.<\/p>\n<p>Selon le cabinet d\u2019architectes paysagistes <a href=\"https:\/\/www.okra.nl\/project\/merwedekanaal-zone-5\/\" rel=\"noopener\" target=\"_blank\">OKRA<\/a>, qui a dessin\u00e9 Merwede, \u00ab\u00a0<em>les quartiers denses sans voitures sont la meilleure solution pour s\u2019affranchir de la d\u00e9pendance \u00e0 l\u2019automobile et entrer dans l\u2019\u00e8re de l\u2019\u00e9comobilit\u00e9<\/em>.\u00a0\u00bb Le processus de conception a \u00e9t\u00e9 profond\u00e9ment ancr\u00e9 dans les principes de la \u00ab\u00a0ville saine\u00a0\u00bb (\u00ab\u00a0<em>Healthy Urban Living<\/em>\u00ab\u00a0), promouvant un mode de vie actif et l&rsquo;inclusion sociale tout en continuant \u00e0 prendre en compte l&rsquo;adaptation au climat et les objectifs durables. Le choix remarquable de cr\u00e9er un quartier sans voiture permet de gagner beaucoup d&rsquo;espaces (en mati\u00e8re de circulation et stationnement automobile) qui permettent d&rsquo;obtenir plus d&rsquo;espaces naturels et plus d&rsquo;espaces pour la \u00ab\u00a0mobilit\u00e9 lente\u00a0\u00bb (marche, v\u00e9lo, trottinette, etc.), faisant de Merwede un quartier exceptionnellement vert et respectueux de la nature. La solide trame verte et bleue d\u00e9finie pour le quartier devient le fondement d&rsquo;une strat\u00e9gie de r\u00e9silience climatique qui aborde efficacement la r\u00e9duction de l&rsquo;\u00eelot de chaleur urbain et la gestion des eaux pluviales.<\/p>\n<p>Contrairement aux <a href=\"https:\/\/carfree.fr\/index.php\/2025\/01\/14\/zones-a-faibles-emissions-un-enjeu-de-sante-et-de-justice-sociale\/\">zones \u00e0 faibles \u00e9missions<\/a> qui se contentent de favoriser le renouvellement du parc automobile, ces quartiers remettent vraiment en question le caract\u00e8re \u201craisonnable\u201d de la propri\u00e9t\u00e9 et de l\u2019usage de la voiture individuelle&#8230; Ils sont promis \u00e0 un bel avenir, \u00e0 condition que les acteurs publics et priv\u00e9s impliqu\u00e9s dans leur planification et leur conception en reconnaissent les b\u00e9n\u00e9fices et s\u2019alignent sur une vision coh\u00e9rente.<\/p>\n<p>Source: <a href=\"https:\/\/hedgehogcycling.co.uk\" target=\"_blank\" rel=\"noopener\">https:\/\/hedgehogcycling.co.uk<\/a><\/p>\n","protected":false},"excerpt":{"rendered":"<p>A Utrecht aux Pays-Bas, Merwede est un nouveau quartier urbain durable en cours de construction dans un endroit central non loin de la gare d&rsquo;Utrecht. Il s&rsquo;agit d&rsquo;un projet quasiment <a class=\"more-link\" href=\"https:\/\/carfree.fr\/index.php\/2025\/01\/31\/utrecht-construit-un-quartier-sans-voiture-de-12-000-habitants\/\">Lire la suite&#8230;<\/a><\/p>\n","protected":false},"author":1390,"featured_media":46239,"comment_status":"open","ping_status":"closed","sticky":false,"template":"","format":"standard","meta":[],"categories":[4,73,9,5,8,7,70,3],"tags":[15,88,172,21,320,35,762],"views":13673,"_links":{"self":[{"href":"https:\/\/carfree.fr\/index.php\/wp-json\/wp\/v2\/posts\/46238"}],"collection":[{"href":"https:\/\/carfree.fr\/index.php\/wp-json\/wp\/v2\/posts"}],"about":[{"href":"https:\/\/carfree.fr\/index.php\/wp-json\/wp\/v2\/types\/post"}],"author":[{"embeddable":true,"href":"https:\/\/carfree.fr\/index.php\/wp-json\/wp\/v2\/users\/1390"}],"replies":[{"embeddable":true,"href":"https:\/\/carfree.fr\/index.php\/wp-json\/wp\/v2\/comments?post=46238"}],"version-history":[{"count":0,"href":"https:\/\/carfree.fr\/index.php\/wp-json\/wp\/v2\/posts\/46238\/revisions"}],"wp:featuredmedia":[{"embeddable":true,"href":"https:\/\/carfree.fr\/index.php\/wp-json\/wp\/v2\/media\/46239"}],"wp:attachment":[{"href":"https:\/\/carfree.fr\/index.php\/wp-json\/wp\/v2\/media?parent=46238"}],"wp:term":[{"taxonomy":"category","embeddable":true,"href":"https:\/\/carfree.fr\/index.php\/wp-json\/wp\/v2\/categories?post=46238"},{"taxonomy":"post_tag","embeddable":true,"href":"https:\/\/carfree.fr\/index.php\/wp-json\/wp\/v2\/tags?post=46238"}],"curies":[{"name":"wp","href":"https:\/\/api.w.org\/{rel}","templated":true}]}}